{"id":33108,"date":"2026-04-27T10:48:50","date_gmt":"2026-04-27T08:48:50","guid":{"rendered":"https:\/\/www.ar-shelving.com\/news\/ar-shelving-obtiene-el-sello-calculo-del-miteco-y-refuerza-su-compromiso-con-la-descarbonizacion\/"},"modified":"2026-04-27T13:01:43","modified_gmt":"2026-04-27T11:01:43","slug":"ar-shelving-erhalt-das-miteco-siegel-calculo","status":"publish","type":"post","link":"https:\/\/www.ar-shelving.com\/de\/news\/ar-shelving-erhalt-das-miteco-siegel-calculo\/","title":{"rendered":"AR Shelving erh\u00e4lt das MITECO-Siegel \u201eCALCULO\u201c und st\u00e4rkt sein Engagement f\u00fcr die Dekarbonisierung"},"content":{"rendered":"<p><strong>AR Shelving hat an seinem Standort in Galdakao (Bizkaia) das CALCULO-Siegel des spanischen Ministeriums f\u00fcr den \u00f6kologischen Wandel und die demografische Herausforderung (MITECO) erhalten. Diese offizielle Anerkennung best\u00e4tigt die rigorose Berechnung des CO\u2082-Fu\u00dfabdrucks des Unternehmens sowie dessen Engagement f\u00fcr Nachhaltigkeit und Klimatransparenz. Das Siegel bezieht sich auf die Jahre 2022, 2023 und 2024 und wurde vom Spanischen Amt f\u00fcr Klimawandel (OECC) verliehen.<\/strong><\/p>\n<p>Diese Auszeichnung stellt <strong>einen weiteren greifbaren und \u00fcberpr\u00fcfbaren Schritt<\/strong> im Dekarbonisierungspfad der <strong>Grupo<\/strong> <strong>Arania <\/strong>dar und positioniert AR Shelving als eines der treibenden Unternehmen innerhalb der Klimastrategie der Gruppe.<\/p>\n<p><strong>Ein echtes, messbares und \u00fcberpr\u00fcfbares Engagement<\/strong><\/p>\n<p>Das CALCULO-Siegel best\u00e4tigt, dass AR Shelving seine <strong>Treibhausgasemissionen systematisch und pr\u00e4zise erfasst und berichtet<\/strong>, unter Anwendung international anerkannter Methoden wie dem <strong>GHG Protocol<\/strong> oder der <strong>ISO-Norm 14064-1<\/strong>, mit externer Drittparteienpr\u00fcfung.<\/p>\n<p>Obwohl das Register mindestens die Berechnung der<strong> Scope-1- und Scope-2-Emissionen<\/strong> verlangt, ist AR Shelving einen Schritt weiter gegangen und ber\u00fccksichtigt auch Scope 3, der den gr\u00f6\u00dften Anteil der Emissionen ausmacht. Diese Berechnung ist zwar nicht verpflichtend, stellt jedoch ein zus\u00e4tzliches Engagement \u00fcber die gesetzlichen Anforderungen hinaus dar.<\/p>\n<p>Dar\u00fcber hinaus hat das Unternehmen seinen CO\u2082-Fu\u00dfabdruck \u00fcber <strong>drei aufeinanderfolgende Jahre und \u00fcber alle drei Scopes hinweg <\/strong>berechnet. Dies unterstreicht das hohe Engagement, die fr\u00fchzeitige Anpassung an regulatorische Anforderungen sowie die Schaffung einer soliden Basis f\u00fcr zuk\u00fcnftige Emissionsreduktionen.<\/p>\n<p><strong>Ausrichtung an der Strategie der Grupo<\/strong> <strong>Arania<\/strong><\/p>\n<p>Die Erlangung des CALCULO-Siegels ist vollst\u00e4ndig in den <strong>Dekarbonisierungsplan der Grupo<\/strong> <strong>Arania <\/strong>integriert, da sie:<\/p>\n<ul>\n<li><span style=\"font-size: 16px;\">Eine <strong>gemeinsame Basislinie<\/strong> f\u00fcr die Emissionsmessung schafft.<\/span><\/li>\n<li><span style=\"font-size: 16px;\"><strong>Datenbasierte Entscheidungen<\/strong> erm\u00f6glicht.<\/span><\/li>\n<li><span style=\"font-size: 16px;\">Die <strong>Klimatransparenz<\/strong> st\u00e4rkt, die zunehmend von Kunden, Investoren und Regulierungsbeh\u00f6rden gefordert wird.<\/span><\/li>\n<\/ul>\n<p>Die Gruppe arbeitet an einem <strong>harmonisierten Ansatz<\/strong> f\u00fcr alle Unternehmen, indem Kriterien, Erkenntnisse und bew\u00e4hrte Praktiken im Bereich Nachhaltigkeit geteilt werden.<\/p>\n<p><strong>N\u00e4chste Schritte: Reduktion und Kompensation<\/strong><\/p>\n<p>Das MITECO-Register folgt einer klaren Abfolge: <strong>CALCULO \u2192 REDUZCO \u2192 COMPENSO.<\/strong><\/p>\n<p>Nach diesem Meilenstein ist das n\u00e4chste Ziel von AR Shelving, <strong>das REDUZCO-Siegel <\/strong>zu erreichen, das reale und verifizierte Emissionsreduktionen best\u00e4tigt und mindestens <strong>vier aufeinanderfolgende Jahre an Daten<\/strong> erfordert. Zu diesem Zweck wird sich das Unternehmen auf die Erlangung des Siegels auf Basis der <strong>Messung f\u00fcr 2025<\/strong> konzentrieren und damit vier aufeinanderfolgende Jahre der Berechnung abschlie\u00dfen.<\/p>\n<p>Dieser Weg erm\u00f6glicht es AR Shelving, sich weiter in Richtung eines <strong>effizienteren und kohlenstoffarmen Industriemodells<\/strong> zu entwickeln und seinen Kunden <strong>Produkte mit geringerem Umwelteinfluss<\/strong> anzubieten, wodurch entlang der gesamten Wertsch\u00f6pfungskette Mehrwert geschaffen wird.<\/p>\n","protected":false},"excerpt":{"rendered":"<p>AR Shelving hat an seinem Standort in Galdakao (Bizkaia) das CALCULO-Siegel des spanischen Ministeriums f\u00fcr den \u00f6kologischen Wandel und die demografische Herausforderung (MITECO) erhalten. Diese offizielle Anerkennung best\u00e4tigt die rigorose Berechnung des CO\u2082-Fu\u00dfabdrucks des Unternehmens sowie dessen Engagement f\u00fcr Nachhaltigkeit und Klimatransparenz. Das Siegel bezieht sich auf die Jahre 2022, 2023 und 2024 und wurde [&hellip;]<\/p>\n","protected":false},"author":2,"featured_media":33098,"comment_status":"closed","ping_status":"open","sticky":false,"template":"wpb-single-post.php","format":"standard","meta":{"_acf_changed":false,"_monsterinsights_skip_tracking":false,"_monsterinsights_sitenote_active":false,"_monsterinsights_sitenote_note":"","_monsterinsights_sitenote_category":0,"_uf_show_specific_survey":0,"_uf_disable_surveys":false,"title_news":"","footnotes":""},"categories":[202,191],"tags":[],"class_list":["post-33108","post","type-post","status-publish","format-standard","has-post-thumbnail","hentry","category-unternehmen","category-zertifizierungen"],"acf":[],"yoast_head":"<!-- This site is optimized with the Yoast SEO plugin v27.4 - https:\/\/yoast.com\/product\/yoast-seo-wordpress\/ -->\n<title>AR Shelving erh\u00e4lt das MITECO-Siegel \u201eCALCULO\u201c<\/title>\n<meta name=\"description\" content=\"Ar Shelving obtiene el sello del Ministerio para la Transici\u00f3n Ecol\u00f3gica y el Reto Demogr\u00e1fico (MITECO) para la descarbonizaci\u00f3n.\" \/>\n<meta name=\"robots\" content=\"index, follow, max-snippet:-1, max-image-preview:large, max-video-preview:-1\" \/>\n<link rel=\"canonical\" href=\"https:\/\/www.ar-shelving.com\/de\/news\/ar-shelving-erhalt-das-miteco-siegel-calculo\/\" \/>\n<meta property=\"og:locale\" content=\"de_DE\" \/>\n<meta property=\"og:type\" content=\"article\" \/>\n<meta property=\"og:title\" content=\"AR Shelving erh\u00e4lt das MITECO-Siegel \u201eCALCULO\u201c\" \/>\n<meta property=\"og:description\" content=\"Ar Shelving obtiene el sello del Ministerio para la Transici\u00f3n Ecol\u00f3gica y el Reto Demogr\u00e1fico (MITECO) para la descarbonizaci\u00f3n.\" \/>\n<meta property=\"og:url\" content=\"https:\/\/www.ar-shelving.com\/de\/news\/ar-shelving-erhalt-das-miteco-siegel-calculo\/\" \/>\n<meta property=\"og:site_name\" content=\"AR Shelving, metal shelving for DIY and trade\" \/>\n<meta property=\"article:publisher\" content=\"https:\/\/www.facebook.com\/MetallicShelving\" \/>\n<meta property=\"article:published_time\" content=\"2026-04-27T08:48:50+00:00\" \/>\n<meta property=\"article:modified_time\" content=\"2026-04-27T11:01:43+00:00\" \/>\n<meta property=\"og:image\" content=\"https:\/\/www.ar-shelving.com\/wp-content\/uploads\/2026\/04\/Sello_Miteco_calculo.jpg\" \/>\n\t<meta property=\"og:image:width\" content=\"830\" \/>\n\t<meta property=\"og:image:height\" content=\"404\" \/>\n\t<meta property=\"og:image:type\" content=\"image\/jpeg\" \/>\n<meta name=\"author\" content=\"Katrin AR\" \/>\n<meta name=\"twitter:card\" content=\"summary_large_image\" \/>\n<meta name=\"twitter:label1\" content=\"Verfasst von\" \/>\n\t<meta name=\"twitter:data1\" content=\"Katrin AR\" \/>\n\t<meta name=\"twitter:label2\" content=\"Gesch\u00e4tzte Lesezeit\" \/>\n\t<meta name=\"twitter:data2\" content=\"2 Minuten\" \/>\n<script type=\"application\/ld+json\" class=\"yoast-schema-graph\">{\"@context\":\"https:\\\/\\\/schema.org\",\"@graph\":[{\"@type\":\"Article\",\"@id\":\"https:\\\/\\\/www.ar-shelving.com\\\/de\\\/news\\\/ar-shelving-erhalt-das-miteco-siegel-calculo\\\/#article\",\"isPartOf\":{\"@id\":\"https:\\\/\\\/www.ar-shelving.com\\\/de\\\/news\\\/ar-shelving-erhalt-das-miteco-siegel-calculo\\\/\"},\"author\":{\"name\":\"Katrin AR\",\"@id\":\"https:\\\/\\\/www.ar-shelving.com\\\/#\\\/schema\\\/person\\\/84f8f0f7e62d3cc6dd6feb2765d598c3\"},\"headline\":\"AR Shelving erh\u00e4lt das MITECO-Siegel \u201eCALCULO\u201c und st\u00e4rkt sein Engagement f\u00fcr die Dekarbonisierung\",\"datePublished\":\"2026-04-27T08:48:50+00:00\",\"dateModified\":\"2026-04-27T11:01:43+00:00\",\"mainEntityOfPage\":{\"@id\":\"https:\\\/\\\/www.ar-shelving.com\\\/de\\\/news\\\/ar-shelving-erhalt-das-miteco-siegel-calculo\\\/\"},\"wordCount\":426,\"publisher\":{\"@id\":\"https:\\\/\\\/www.ar-shelving.com\\\/#organization\"},\"image\":{\"@id\":\"https:\\\/\\\/www.ar-shelving.com\\\/de\\\/news\\\/ar-shelving-erhalt-das-miteco-siegel-calculo\\\/#primaryimage\"},\"thumbnailUrl\":\"https:\\\/\\\/www.ar-shelving.com\\\/wp-content\\\/uploads\\\/2026\\\/04\\\/Sello_Miteco_calculo.jpg\",\"articleSection\":[\"Unternehmen\",\"Zertifizierungen\"],\"inLanguage\":\"de-DE\"},{\"@type\":\"WebPage\",\"@id\":\"https:\\\/\\\/www.ar-shelving.com\\\/de\\\/news\\\/ar-shelving-erhalt-das-miteco-siegel-calculo\\\/\",\"url\":\"https:\\\/\\\/www.ar-shelving.com\\\/de\\\/news\\\/ar-shelving-erhalt-das-miteco-siegel-calculo\\\/\",\"name\":\"AR Shelving erh\u00e4lt das MITECO-Siegel \u201eCALCULO\u201c\",\"isPartOf\":{\"@id\":\"https:\\\/\\\/www.ar-shelving.com\\\/#website\"},\"primaryImageOfPage\":{\"@id\":\"https:\\\/\\\/www.ar-shelving.com\\\/de\\\/news\\\/ar-shelving-erhalt-das-miteco-siegel-calculo\\\/#primaryimage\"},\"image\":{\"@id\":\"https:\\\/\\\/www.ar-shelving.com\\\/de\\\/news\\\/ar-shelving-erhalt-das-miteco-siegel-calculo\\\/#primaryimage\"},\"thumbnailUrl\":\"https:\\\/\\\/www.ar-shelving.com\\\/wp-content\\\/uploads\\\/2026\\\/04\\\/Sello_Miteco_calculo.jpg\",\"datePublished\":\"2026-04-27T08:48:50+00:00\",\"dateModified\":\"2026-04-27T11:01:43+00:00\",\"description\":\"Ar Shelving obtiene el sello del Ministerio para la Transici\u00f3n Ecol\u00f3gica y el Reto Demogr\u00e1fico (MITECO) para la descarbonizaci\u00f3n.\",\"inLanguage\":\"de-DE\",\"potentialAction\":[{\"@type\":\"ReadAction\",\"target\":[\"https:\\\/\\\/www.ar-shelving.com\\\/de\\\/news\\\/ar-shelving-erhalt-das-miteco-siegel-calculo\\\/\"]}]},{\"@type\":\"ImageObject\",\"inLanguage\":\"de-DE\",\"@id\":\"https:\\\/\\\/www.ar-shelving.com\\\/de\\\/news\\\/ar-shelving-erhalt-das-miteco-siegel-calculo\\\/#primaryimage\",\"url\":\"https:\\\/\\\/www.ar-shelving.com\\\/wp-content\\\/uploads\\\/2026\\\/04\\\/Sello_Miteco_calculo.jpg\",\"contentUrl\":\"https:\\\/\\\/www.ar-shelving.com\\\/wp-content\\\/uploads\\\/2026\\\/04\\\/Sello_Miteco_calculo.jpg\",\"width\":830,\"height\":404,\"caption\":\"Sello CALCULO -MITECO\"},{\"@type\":\"WebSite\",\"@id\":\"https:\\\/\\\/www.ar-shelving.com\\\/#website\",\"url\":\"https:\\\/\\\/www.ar-shelving.com\\\/\",\"name\":\"AR Shelving, metal shelving for DIY, trade and industries\",\"description\":\"metal shelving\",\"publisher\":{\"@id\":\"https:\\\/\\\/www.ar-shelving.com\\\/#organization\"},\"potentialAction\":[{\"@type\":\"SearchAction\",\"target\":{\"@type\":\"EntryPoint\",\"urlTemplate\":\"https:\\\/\\\/www.ar-shelving.com\\\/?s={search_term_string}\"},\"query-input\":{\"@type\":\"PropertyValueSpecification\",\"valueRequired\":true,\"valueName\":\"search_term_string\"}}],\"inLanguage\":\"de-DE\"},{\"@type\":\"Organization\",\"@id\":\"https:\\\/\\\/www.ar-shelving.com\\\/#organization\",\"name\":\"AR Shelving S.A.\",\"url\":\"https:\\\/\\\/www.ar-shelving.com\\\/\",\"logo\":{\"@type\":\"ImageObject\",\"inLanguage\":\"de-DE\",\"@id\":\"https:\\\/\\\/www.ar-shelving.com\\\/#\\\/schema\\\/logo\\\/image\\\/\",\"url\":\"https:\\\/\\\/www.ar-shelving.com\\\/wp-content\\\/uploads\\\/2022\\\/06\\\/Grupo-389.png\",\"contentUrl\":\"https:\\\/\\\/www.ar-shelving.com\\\/wp-content\\\/uploads\\\/2022\\\/06\\\/Grupo-389.png\",\"width\":251,\"height\":43,\"caption\":\"AR Shelving S.A.\"},\"image\":{\"@id\":\"https:\\\/\\\/www.ar-shelving.com\\\/#\\\/schema\\\/logo\\\/image\\\/\"},\"sameAs\":[\"https:\\\/\\\/www.facebook.com\\\/MetallicShelving\",\"https:\\\/\\\/www.linkedin.com\\\/company\\\/arshelving\\\/\",\"https:\\\/\\\/www.instagram.com\\\/ar_shelving\\\/\",\"https:\\\/\\\/www.youtube.com\\\/user\\\/ARstorage\",\"https:\\\/\\\/www.pinterest.es\\\/arshelving\\\/\"]},{\"@type\":\"Person\",\"@id\":\"https:\\\/\\\/www.ar-shelving.com\\\/#\\\/schema\\\/person\\\/84f8f0f7e62d3cc6dd6feb2765d598c3\",\"name\":\"Katrin AR\",\"image\":{\"@type\":\"ImageObject\",\"inLanguage\":\"de-DE\",\"@id\":\"https:\\\/\\\/secure.gravatar.com\\\/avatar\\\/a8194afd4faba691481252ad29ac90d6d9919ca9e5335dcc34b664e95bda0645?s=96&d=mm&r=g\",\"url\":\"https:\\\/\\\/secure.gravatar.com\\\/avatar\\\/a8194afd4faba691481252ad29ac90d6d9919ca9e5335dcc34b664e95bda0645?s=96&d=mm&r=g\",\"contentUrl\":\"https:\\\/\\\/secure.gravatar.com\\\/avatar\\\/a8194afd4faba691481252ad29ac90d6d9919ca9e5335dcc34b664e95bda0645?s=96&d=mm&r=g\",\"caption\":\"Katrin AR\"},\"url\":\"https:\\\/\\\/www.ar-shelving.com\\\/de\\\/news\\\/author\\\/katrin\\\/\"}]}<\/script>\n<!-- \/ Yoast SEO plugin. -->","yoast_head_json":{"title":"AR Shelving erh\u00e4lt das MITECO-Siegel \u201eCALCULO\u201c","description":"Ar Shelving obtiene el sello del Ministerio para la Transici\u00f3n Ecol\u00f3gica y el Reto Demogr\u00e1fico (MITECO) para la descarbonizaci\u00f3n.","robots":{"index":"index","follow":"follow","max-snippet":"max-snippet:-1","max-image-preview":"max-image-preview:large","max-video-preview":"max-video-preview:-1"},"canonical":"https:\/\/www.ar-shelving.com\/de\/news\/ar-shelving-erhalt-das-miteco-siegel-calculo\/","og_locale":"de_DE","og_type":"article","og_title":"AR Shelving erh\u00e4lt das MITECO-Siegel \u201eCALCULO\u201c","og_description":"Ar Shelving obtiene el sello del Ministerio para la Transici\u00f3n Ecol\u00f3gica y el Reto Demogr\u00e1fico (MITECO) para la descarbonizaci\u00f3n.","og_url":"https:\/\/www.ar-shelving.com\/de\/news\/ar-shelving-erhalt-das-miteco-siegel-calculo\/","og_site_name":"AR Shelving, metal shelving for DIY and trade","article_publisher":"https:\/\/www.facebook.com\/MetallicShelving","article_published_time":"2026-04-27T08:48:50+00:00","article_modified_time":"2026-04-27T11:01:43+00:00","og_image":[{"width":830,"height":404,"url":"https:\/\/www.ar-shelving.com\/wp-content\/uploads\/2026\/04\/Sello_Miteco_calculo.jpg","type":"image\/jpeg"}],"author":"Katrin AR","twitter_card":"summary_large_image","twitter_misc":{"Verfasst von":"Katrin AR","Gesch\u00e4tzte Lesezeit":"2 Minuten"},"schema":{"@context":"https:\/\/schema.org","@graph":[{"@type":"Article","@id":"https:\/\/www.ar-shelving.com\/de\/news\/ar-shelving-erhalt-das-miteco-siegel-calculo\/#article","isPartOf":{"@id":"https:\/\/www.ar-shelving.com\/de\/news\/ar-shelving-erhalt-das-miteco-siegel-calculo\/"},"author":{"name":"Katrin AR","@id":"https:\/\/www.ar-shelving.com\/#\/schema\/person\/84f8f0f7e62d3cc6dd6feb2765d598c3"},"headline":"AR Shelving erh\u00e4lt das MITECO-Siegel \u201eCALCULO\u201c und st\u00e4rkt sein Engagement f\u00fcr die Dekarbonisierung","datePublished":"2026-04-27T08:48:50+00:00","dateModified":"2026-04-27T11:01:43+00:00","mainEntityOfPage":{"@id":"https:\/\/www.ar-shelving.com\/de\/news\/ar-shelving-erhalt-das-miteco-siegel-calculo\/"},"wordCount":426,"publisher":{"@id":"https:\/\/www.ar-shelving.com\/#organization"},"image":{"@id":"https:\/\/www.ar-shelving.com\/de\/news\/ar-shelving-erhalt-das-miteco-siegel-calculo\/#primaryimage"},"thumbnailUrl":"https:\/\/www.ar-shelving.com\/wp-content\/uploads\/2026\/04\/Sello_Miteco_calculo.jpg","articleSection":["Unternehmen","Zertifizierungen"],"inLanguage":"de-DE"},{"@type":"WebPage","@id":"https:\/\/www.ar-shelving.com\/de\/news\/ar-shelving-erhalt-das-miteco-siegel-calculo\/","url":"https:\/\/www.ar-shelving.com\/de\/news\/ar-shelving-erhalt-das-miteco-siegel-calculo\/","name":"AR Shelving erh\u00e4lt das MITECO-Siegel \u201eCALCULO\u201c","isPartOf":{"@id":"https:\/\/www.ar-shelving.com\/#website"},"primaryImageOfPage":{"@id":"https:\/\/www.ar-shelving.com\/de\/news\/ar-shelving-erhalt-das-miteco-siegel-calculo\/#primaryimage"},"image":{"@id":"https:\/\/www.ar-shelving.com\/de\/news\/ar-shelving-erhalt-das-miteco-siegel-calculo\/#primaryimage"},"thumbnailUrl":"https:\/\/www.ar-shelving.com\/wp-content\/uploads\/2026\/04\/Sello_Miteco_calculo.jpg","datePublished":"2026-04-27T08:48:50+00:00","dateModified":"2026-04-27T11:01:43+00:00","description":"Ar Shelving obtiene el sello del Ministerio para la Transici\u00f3n Ecol\u00f3gica y el Reto Demogr\u00e1fico (MITECO) para la descarbonizaci\u00f3n.","inLanguage":"de-DE","potentialAction":[{"@type":"ReadAction","target":["https:\/\/www.ar-shelving.com\/de\/news\/ar-shelving-erhalt-das-miteco-siegel-calculo\/"]}]},{"@type":"ImageObject","inLanguage":"de-DE","@id":"https:\/\/www.ar-shelving.com\/de\/news\/ar-shelving-erhalt-das-miteco-siegel-calculo\/#primaryimage","url":"https:\/\/www.ar-shelving.com\/wp-content\/uploads\/2026\/04\/Sello_Miteco_calculo.jpg","contentUrl":"https:\/\/www.ar-shelving.com\/wp-content\/uploads\/2026\/04\/Sello_Miteco_calculo.jpg","width":830,"height":404,"caption":"Sello CALCULO -MITECO"},{"@type":"WebSite","@id":"https:\/\/www.ar-shelving.com\/#website","url":"https:\/\/www.ar-shelving.com\/","name":"AR Shelving, metal shelving for DIY, trade and industries","description":"metal shelving","publisher":{"@id":"https:\/\/www.ar-shelving.com\/#organization"},"potentialAction":[{"@type":"SearchAction","target":{"@type":"EntryPoint","urlTemplate":"https:\/\/www.ar-shelving.com\/?s={search_term_string}"},"query-input":{"@type":"PropertyValueSpecification","valueRequired":true,"valueName":"search_term_string"}}],"inLanguage":"de-DE"},{"@type":"Organization","@id":"https:\/\/www.ar-shelving.com\/#organization","name":"AR Shelving S.A.","url":"https:\/\/www.ar-shelving.com\/","logo":{"@type":"ImageObject","inLanguage":"de-DE","@id":"https:\/\/www.ar-shelving.com\/#\/schema\/logo\/image\/","url":"https:\/\/www.ar-shelving.com\/wp-content\/uploads\/2022\/06\/Grupo-389.png","contentUrl":"https:\/\/www.ar-shelving.com\/wp-content\/uploads\/2022\/06\/Grupo-389.png","width":251,"height":43,"caption":"AR Shelving S.A."},"image":{"@id":"https:\/\/www.ar-shelving.com\/#\/schema\/logo\/image\/"},"sameAs":["https:\/\/www.facebook.com\/MetallicShelving","https:\/\/www.linkedin.com\/company\/arshelving\/","https:\/\/www.instagram.com\/ar_shelving\/","https:\/\/www.youtube.com\/user\/ARstorage","https:\/\/www.pinterest.es\/arshelving\/"]},{"@type":"Person","@id":"https:\/\/www.ar-shelving.com\/#\/schema\/person\/84f8f0f7e62d3cc6dd6feb2765d598c3","name":"Katrin AR","image":{"@type":"ImageObject","inLanguage":"de-DE","@id":"https:\/\/secure.gravatar.com\/avatar\/a8194afd4faba691481252ad29ac90d6d9919ca9e5335dcc34b664e95bda0645?s=96&d=mm&r=g","url":"https:\/\/secure.gravatar.com\/avatar\/a8194afd4faba691481252ad29ac90d6d9919ca9e5335dcc34b664e95bda0645?s=96&d=mm&r=g","contentUrl":"https:\/\/secure.gravatar.com\/avatar\/a8194afd4faba691481252ad29ac90d6d9919ca9e5335dcc34b664e95bda0645?s=96&d=mm&r=g","caption":"Katrin AR"},"url":"https:\/\/www.ar-shelving.com\/de\/news\/author\/katrin\/"}]}},"_links":{"self":[{"href":"https:\/\/www.ar-shelving.com\/de\/wp-json\/wp\/v2\/posts\/33108","targetHints":{"allow":["GET"]}}],"collection":[{"href":"https:\/\/www.ar-shelving.com\/de\/wp-json\/wp\/v2\/posts"}],"about":[{"href":"https:\/\/www.ar-shelving.com\/de\/wp-json\/wp\/v2\/types\/post"}],"author":[{"embeddable":true,"href":"https:\/\/www.ar-shelving.com\/de\/wp-json\/wp\/v2\/users\/2"}],"replies":[{"embeddable":true,"href":"https:\/\/www.ar-shelving.com\/de\/wp-json\/wp\/v2\/comments?post=33108"}],"version-history":[{"count":3,"href":"https:\/\/www.ar-shelving.com\/de\/wp-json\/wp\/v2\/posts\/33108\/revisions"}],"predecessor-version":[{"id":33120,"href":"https:\/\/www.ar-shelving.com\/de\/wp-json\/wp\/v2\/posts\/33108\/revisions\/33120"}],"wp:featuredmedia":[{"embeddable":true,"href":"https:\/\/www.ar-shelving.com\/de\/wp-json\/wp\/v2\/media\/33098"}],"wp:attachment":[{"href":"https:\/\/www.ar-shelving.com\/de\/wp-json\/wp\/v2\/media?parent=33108"}],"wp:term":[{"taxonomy":"category","embeddable":true,"href":"https:\/\/www.ar-shelving.com\/de\/wp-json\/wp\/v2\/categories?post=33108"},{"taxonomy":"post_tag","embeddable":true,"href":"https:\/\/www.ar-shelving.com\/de\/wp-json\/wp\/v2\/tags?post=33108"}],"curies":[{"name":"wp","href":"https:\/\/api.w.org\/{rel}","templated":true}]}}