{"id":17492,"date":"2023-01-16T21:20:32","date_gmt":"2023-01-16T21:20:32","guid":{"rendered":"https:\/\/www.ar-shelving.com\/news\/bricolaje-y-hogar-ante-una-crisis-de-oferta-sin-precedentes\/"},"modified":"2023-01-20T15:14:54","modified_gmt":"2023-01-20T15:14:54","slug":"bricolaje-y-hogar-ante-una-crisis-de-oferta-sin-precedentes-2a-parte","status":"publish","type":"post","link":"https:\/\/www.ar-shelving.com\/es\/news\/bricolaje-y-hogar-ante-una-crisis-de-oferta-sin-precedentes-2a-parte\/","title":{"rendered":"BRICOLAJE Y HOGAR: ANTE UNA CRISIS DE OFERTA SIN PRECEDENTES (2\u00aa PARTE)"},"content":{"rendered":"<h5><strong>Tras el inter\u00e9s suscitado entre nuestros colaboradores por la entrevista sobre la crisis de materias primas, estamos recibiendo muchas consultas acerca de c\u00f3mo est\u00e1 evolucionando la situaci\u00f3n.<\/strong><\/h5>\n<p>Hay mucha incertidumbre e informaciones contrarias, as\u00ed que nos hemos decidido a compartir de nuevo nuestra visi\u00f3n.<\/p>\n<p>Para ello hemos invitado de nuevo a nuestro Dir. comercial: I\u00f1aki Bringas para conocer de primera mano su experiencia:<\/p>\n<p><strong>Buenas tardes I\u00f1aki, \u00bfNos podr\u00edas poner al d\u00eda sobre como est\u00e1 evolucionando la situaci\u00f3n general de materias primas?<\/strong><\/p>\n<p>Hola, la \u00faltima vez que hablamos la situaci\u00f3n era un poco ca\u00f3tica, con los principales inputs productivos: acero, madera, transporte, energ\u00eda\u2026 en un rallye de subidas sin fin.<\/p>\n<p>En estos momentos podr\u00edamos decir que los precios se encuentran en l\u00edmites hist\u00f3ricos.<\/p>\n<p>Por ejemplo, el acero laminado en fr\u00edo, principal input de nuestra fabricaci\u00f3n se encuentra en base acer\u00eda a 1.320\u20ac\/Tm., el a\u00f1o pasado toco m\u00ednimo de 500\u20ac\/Tm., lo que supone un&nbsp;<strong>incremento interanual del +164%.<\/strong><\/p>\n<p>Pr\u00e1cticamente ha tenido unas subidas constantes de +100\u20ac\/Tm. Por mes hasta el 1 de junio, desde entonces se ha mantenido estable hasta hoy.<\/p>\n<p>Los tableros de part\u00edculas y de aglomerado en crudo, han sufrido una situaci\u00f3n similar. Los precios de los \u00faltimos a\u00f1os hab\u00edan sido muy estables, en entornos base de 250\u20ac\/m3, y actualmente se encuentran desde hace 2 meses en los 500\u20ac\/m3. Esto supone un&nbsp;<strong>incremento interanual del 100%.<\/strong><\/p>\n<p>Igualmente, el petr\u00f3leo, la energ\u00eda y finalmente el transporte mar\u00edtimo, se encuentran en l\u00edmites hist\u00f3ricos.<\/p>\n<p><strong>\u00bfPodr\u00edamos pensar, por tanto, que lo peor ya ha pasado y deber\u00eda mejorar la situaci\u00f3n a corto plazo?<\/strong><\/p>\n<p>Como ya dijimos la otra vez, no tenemos una bola de cristal, y hacer una previsi\u00f3n ser\u00eda muy aventurado por nuestra parte.<\/p>\n<p>Lo que si podemos hacer es un an\u00e1lisis de la situaci\u00f3n general:<\/p>\n<p><strong>MERCADO ACERO:<\/strong><\/p>\n<p>Debemos atender tanto a la oferta como la demanda.<\/p>\n<p>Actualmente la oferta se encuentra muy limitada:<\/p>\n<ul>\n<li>La UE ha comunicado a fecha 25\/06, la&nbsp;<strong>prolongaci\u00f3n de las medidas de salvaguarda sobre importaci\u00f3n de productos de acero por 3 a\u00f1os m\u00e1s<\/strong>. Esta medida afecta las importaciones de acero de pa\u00edses como China y Rusia. Esto limita las capacidades disponibles en Europa durante los pr\u00f3ximos 3 a\u00f1os y protege la fijaci\u00f3n de precios por las acer\u00edas europeas.<\/li>\n<li><strong>China ha eliminado las ayudas a la exportaci\u00f3n de acero:&nbsp;<\/strong>Esto supone un cambio de paradigma: pasar de exportador a importador neto. Para ello han eliminado la devoluci\u00f3n de impuestos entre un 12 a 15%.<\/li>\n<li><strong>Las importaciones de la India duplican las cuotas asignadas en la UE en el tercer trimestre.<\/strong><\/li>\n<\/ul>\n<p>Tras la reciente apertura del nuevo per\u00edodo de cuota, m\u00e1s de 300.000 Tm. De acero indias est\u00e1n pendientes de asignaci\u00f3n en puertos europeos. M\u00e1s del doble de la cuota asignada. Esto significa que o se espera al pr\u00f3ximo trimestre para asignarlas, o se importar\u00e1n con arancel del 25%.<\/p>\n<ul>\n<li><strong>Nuevo impuesto a la exportaci\u00f3n del acero en Rusia del 15%<\/strong><\/li>\n<\/ul>\n<p>Rusia quiere reducir sus exportaciones de acero, por ello todas las exportaciones a partir del 1 de agosto de 2021 ir\u00e1n gravadas con un 15%.<\/p>\n<ul>\n<li><strong>La UE est\u00e1 investigando la aplicaci\u00f3n de nuevo arancel a las bobinas galvanizadas de origen turco y ruso<\/strong>:<\/li>\n<\/ul>\n<p>La Comisi\u00f3n Europea (CE) anunci\u00f3 el 24 de junio que hab\u00eda iniciado una investigaci\u00f3n sobre las importaciones de bobinas galvanizadas en caliente (BGC) de Turqu\u00eda y Rusia.<\/p>\n<p>Esto puede reducir aun m\u00e1s si cabe la oferta de cara al a\u00f1o que viene.<\/p>\n<ul>\n<li><strong>Reducci\u00f3n emisiones de CO2:<\/strong><\/li>\n<\/ul>\n<p>Adicional a todo lo anterior, la UE va a sacar un borrador medioambiental a final de Julio.<\/p>\n<p>En principio hay que reducir las emisiones de las acer\u00edas en un 50% para el a\u00f1o 2030. Esto representa inversiones multimillonarias para las acer\u00edas europeas, que ya empiezan a anunciar tasas de CO2 en sus precios. Se espera por tanto una subida de precio adicional por este factor.<\/p>\n<p>Adicionalmente a toda la informaci\u00f3n anterior. Debemos incluir un acontecimiento, que, si bien es coyuntural tendr\u00e1 serios efectos a corto plazo:<\/p>\n<ul>\n<li><strong>Tragedia de las inundaciones en Alemania occidental:<\/strong><\/li>\n<\/ul>\n<p>Se ha informado de que las inundaciones en Europa han da\u00f1ado unas 80.000-100.000 toneladas de acero, lo que ha tenido consecuencias nefastas para la cadena de suministro.<\/p>\n<p>Fuentes del sector creen que el mes que viene habr\u00e1 falta de material.<\/p>\n<p>Como conclusi\u00f3n:&nbsp;<u>La oferta de acero en Europa est\u00e1 y va a seguir estando cada vez m\u00e1s limitada<\/u>. La geopol\u00edtica cobra cada vez m\u00e1s relevancia en estos asuntos, y todos los pa\u00edses est\u00e1n tratando de proteger y mantener las materias primas para el desarrollo de sus mercados internos.<\/p>\n<p>Es aventurado por tanto esperar que los precios puedan bajar con tantas limitaciones a la oferta. Habr\u00e1 que ver como evoluciona la demanda. Llevamos 2 meses con demanda de automoci\u00f3n baja, motivada por la crisis de los semiconductores, y sin embargo los precios se han mantenido. Es previsible que en los pr\u00f3ximos meses la demanda de automoci\u00f3n se reactive, y en esa situaci\u00f3n nuevas subidas de precio podr\u00edan no ser descartables.<\/p>\n<p><strong>MERCADO MADERA:<\/strong><\/p>\n<p>A principios de 2020 vimos como los precios de los tableros comenzaron a subir de forma exponencial. Estas subidas se vieron motivados por 2 factores: Alta demanda de la industria del mueble y limitaci\u00f3n de la oferta en Europa, ante las fuertes importaciones de EEUU por el colapso de su principal fuente de suministro: Canad\u00e1.<\/p>\n<p>Actualmente nos enfrentamos a la&nbsp;<u>inminente prohibici\u00f3n de exportaci\u00f3n de troncos por parte de Rusia.<\/u>&nbsp;Todo el sector est\u00e1 preocupado por la escasez que puede resultar como consecuencia de esta medida.<\/p>\n<p>Si esto ocurre, adem\u00e1s del impacto directo (3,6 millones de toneladas de troncos), el impacto indirecto es que la prohibici\u00f3n rusa cortar\u00e1 el suministro a China, el primer lugar de exportaci\u00f3n de troncos rusos. China se ver\u00e1 obligada a buscar fuentes alternativas de esta materia prima clave. De hecho, ya ha aumentado considerablemente los env\u00edos de troncos europeos desde hace unos meses.<\/p>\n<p>En este caso, la conclusi\u00f3n que podemos sacar es aun m\u00e1s pesimista que la anterior. El mercado de la madera va a ser complejo en los pr\u00f3ximos meses, y me aventurar\u00eda a decir, a\u00f1os. Es un sector de alta demanda, donde la oferta empieza a tomar medidas proteccionistas, y que va a estar muy afectado por factores de sostenibilidad.<\/p>\n<p><strong>Y ante todas estas dificultades, \u00bfQu\u00e9 estrategia est\u00e1 siguiendo AR Shelving?<\/strong><\/p>\n<p>AR Shelving ha apostado desde el principio de la crisis por seguir una&nbsp;<u>estrategia de garant\u00eda de suministro:<\/u>&nbsp;comprar al precio necesario en el mercado para garantizar el servicio a nuestros partners.<\/p>\n<p>A la postre, ha sido una estrategia correcta, ya que hemos visto a muchas empresas del sector que paralizaron compras ante los incrementos de precios, y finalmente han tenido fallos recurrentes de suministro.<\/p>\n<p>En la peor crisis de materias primas que se recuerda. Toda la distribuci\u00f3n de AR Shelving ha dispuesto del producto en sus lineales.<\/p>\n<p>Nuestra estrategia es y va a seguir siendo la misma. Negociar en la mejores condiciones posibles, pero siempre desde la perspectiva de que el servicio es lo primero.<\/p>\n<p>Hemos actualizado nuestras tarifas de una forma totalmente transparente y objetiva a nuestra distribuci\u00f3n en base a los incrementos reales de costes. Y me gustar\u00eda aprovechar para mandarles un mensaje de agradecimiento: Por la confianza que han depositado en nosotros, por haber comprendido la dificultad de la situaci\u00f3n y por apoyarnos en dichas actualizaciones.<\/p>\n<p>Seguimos trabajando para que pod\u00e1is&nbsp;seguir creciendo de nuestra mano, y el a\u00f1o que viene adem\u00e1s va a venir plagado de novedades que os iremos presentando muy pronto.<\/p>\n","protected":false},"excerpt":{"rendered":"<p>Tras el inter\u00e9s suscitado entre nuestros colaboradores por la entrevista sobre la crisis de materias primas, estamos recibiendo muchas consultas acerca de c\u00f3mo est\u00e1 evolucionando la situaci\u00f3n. Hay mucha incertidumbre e informaciones contrarias, as\u00ed que nos hemos decidido a compartir de nuevo nuestra visi\u00f3n. Para ello hemos invitado de nuevo a nuestro Dir. comercial: I\u00f1aki [&hellip;]<\/p>\n","protected":false},"author":1,"featured_media":15922,"comment_status":"open","ping_status":"open","sticky":false,"template":"wpb-single-post.php","format":"standard","meta":{"_acf_changed":false,"_monsterinsights_skip_tracking":false,"_monsterinsights_sitenote_active":false,"_monsterinsights_sitenote_note":"","_monsterinsights_sitenote_category":0,"_uf_show_specific_survey":0,"_uf_disable_surveys":false,"title_news":"","footnotes":""},"categories":[200,189,209],"tags":[],"class_list":["post-17492","post","type-post","status-publish","format-standard","has-post-thumbnail","hentry","category-corporativa","category-recientes","category-situacion-actual"],"acf":[],"yoast_head":"<!-- This site is optimized with the Yoast SEO plugin v27.4 - https:\/\/yoast.com\/product\/yoast-seo-wordpress\/ -->\n<title>BRICOLAJE Y HOGAR: ANTE UNA CRISIS DE OFERTA SIN PRECEDENTES (2\u00aa PARTE) - AR Shelving, metal shelving for DIY and trade<\/title>\n<meta name=\"robots\" content=\"index, follow, max-snippet:-1, max-image-preview:large, max-video-preview:-1\" \/>\n<link rel=\"canonical\" href=\"https:\/\/www.ar-shelving.com\/news\/news-the-diy-and-home-market-faces-an-unprecedented-supply-crisis-part-2\/\" \/>\n<meta property=\"og:locale\" content=\"es_ES\" \/>\n<meta property=\"og:type\" content=\"article\" \/>\n<meta property=\"og:title\" content=\"BRICOLAJE Y HOGAR: ANTE UNA CRISIS DE OFERTA SIN PRECEDENTES (2\u00aa PARTE) - AR Shelving, metal shelving for DIY and trade\" \/>\n<meta property=\"og:description\" content=\"Tras el inter\u00e9s suscitado entre nuestros colaboradores por la entrevista sobre la crisis de materias primas, estamos recibiendo muchas consultas acerca de c\u00f3mo est\u00e1 evolucionando la situaci\u00f3n. Hay mucha incertidumbre e informaciones contrarias, as\u00ed que nos hemos decidido a compartir de nuevo nuestra visi\u00f3n. Para ello hemos invitado de nuevo a nuestro Dir. comercial: I\u00f1aki [&hellip;]\" \/>\n<meta property=\"og:url\" content=\"https:\/\/www.ar-shelving.com\/news\/news-the-diy-and-home-market-faces-an-unprecedented-supply-crisis-part-2\/\" \/>\n<meta property=\"og:site_name\" content=\"AR Shelving, metal shelving for DIY and trade\" \/>\n<meta property=\"article:publisher\" content=\"https:\/\/www.facebook.com\/MetallicShelving\" \/>\n<meta property=\"article:published_time\" content=\"2023-01-16T21:20:32+00:00\" \/>\n<meta property=\"article:modified_time\" content=\"2023-01-20T15:14:54+00:00\" \/>\n<meta property=\"og:image\" content=\"https:\/\/www.ar-shelving.com\/wp-content\/uploads\/2023\/01\/barco.jpg\" \/>\n\t<meta property=\"og:image:width\" content=\"830\" \/>\n\t<meta property=\"og:image:height\" content=\"404\" \/>\n\t<meta property=\"og:image:type\" content=\"image\/jpeg\" \/>\n<meta name=\"author\" content=\"humberto\" \/>\n<meta name=\"twitter:card\" content=\"summary_large_image\" \/>\n<meta name=\"twitter:label1\" content=\"Escrito por\" \/>\n\t<meta name=\"twitter:data1\" content=\"humberto\" \/>\n\t<meta name=\"twitter:label2\" content=\"Tiempo de lectura\" \/>\n\t<meta name=\"twitter:data2\" content=\"7 minutos\" \/>\n<script type=\"application\/ld+json\" class=\"yoast-schema-graph\">{\"@context\":\"https:\\\/\\\/schema.org\",\"@graph\":[{\"@type\":\"Article\",\"@id\":\"https:\\\/\\\/www.ar-shelving.com\\\/news\\\/news-the-diy-and-home-market-faces-an-unprecedented-supply-crisis-part-2\\\/#article\",\"isPartOf\":{\"@id\":\"https:\\\/\\\/www.ar-shelving.com\\\/news\\\/news-the-diy-and-home-market-faces-an-unprecedented-supply-crisis-part-2\\\/\"},\"author\":{\"name\":\"humberto\",\"@id\":\"https:\\\/\\\/www.ar-shelving.com\\\/#\\\/schema\\\/person\\\/f4169b1ec5ad76791670644dbede7a0a\"},\"headline\":\"BRICOLAJE Y HOGAR: ANTE UNA CRISIS DE OFERTA SIN PRECEDENTES (2\u00aa PARTE)\",\"datePublished\":\"2023-01-16T21:20:32+00:00\",\"dateModified\":\"2023-01-20T15:14:54+00:00\",\"mainEntityOfPage\":{\"@id\":\"https:\\\/\\\/www.ar-shelving.com\\\/news\\\/news-the-diy-and-home-market-faces-an-unprecedented-supply-crisis-part-2\\\/\"},\"wordCount\":1339,\"commentCount\":0,\"publisher\":{\"@id\":\"https:\\\/\\\/www.ar-shelving.com\\\/#organization\"},\"image\":{\"@id\":\"https:\\\/\\\/www.ar-shelving.com\\\/news\\\/news-the-diy-and-home-market-faces-an-unprecedented-supply-crisis-part-2\\\/#primaryimage\"},\"thumbnailUrl\":\"https:\\\/\\\/www.ar-shelving.com\\\/wp-content\\\/uploads\\\/2023\\\/01\\\/barco.jpg\",\"articleSection\":[\"Corporativa\",\"Recientes\",\"Situaci\u00f3n actual\"],\"inLanguage\":\"es\",\"potentialAction\":[{\"@type\":\"CommentAction\",\"name\":\"Comment\",\"target\":[\"https:\\\/\\\/www.ar-shelving.com\\\/news\\\/news-the-diy-and-home-market-faces-an-unprecedented-supply-crisis-part-2\\\/#respond\"]}]},{\"@type\":\"WebPage\",\"@id\":\"https:\\\/\\\/www.ar-shelving.com\\\/news\\\/news-the-diy-and-home-market-faces-an-unprecedented-supply-crisis-part-2\\\/\",\"url\":\"https:\\\/\\\/www.ar-shelving.com\\\/news\\\/news-the-diy-and-home-market-faces-an-unprecedented-supply-crisis-part-2\\\/\",\"name\":\"BRICOLAJE Y HOGAR: ANTE UNA CRISIS DE OFERTA SIN PRECEDENTES (2\u00aa PARTE) - AR Shelving, metal shelving for DIY and trade\",\"isPartOf\":{\"@id\":\"https:\\\/\\\/www.ar-shelving.com\\\/#website\"},\"primaryImageOfPage\":{\"@id\":\"https:\\\/\\\/www.ar-shelving.com\\\/news\\\/news-the-diy-and-home-market-faces-an-unprecedented-supply-crisis-part-2\\\/#primaryimage\"},\"image\":{\"@id\":\"https:\\\/\\\/www.ar-shelving.com\\\/news\\\/news-the-diy-and-home-market-faces-an-unprecedented-supply-crisis-part-2\\\/#primaryimage\"},\"thumbnailUrl\":\"https:\\\/\\\/www.ar-shelving.com\\\/wp-content\\\/uploads\\\/2023\\\/01\\\/barco.jpg\",\"datePublished\":\"2023-01-16T21:20:32+00:00\",\"dateModified\":\"2023-01-20T15:14:54+00:00\",\"inLanguage\":\"es\",\"potentialAction\":[{\"@type\":\"ReadAction\",\"target\":[\"https:\\\/\\\/www.ar-shelving.com\\\/news\\\/news-the-diy-and-home-market-faces-an-unprecedented-supply-crisis-part-2\\\/\"]}]},{\"@type\":\"ImageObject\",\"inLanguage\":\"es\",\"@id\":\"https:\\\/\\\/www.ar-shelving.com\\\/news\\\/news-the-diy-and-home-market-faces-an-unprecedented-supply-crisis-part-2\\\/#primaryimage\",\"url\":\"https:\\\/\\\/www.ar-shelving.com\\\/wp-content\\\/uploads\\\/2023\\\/01\\\/barco.jpg\",\"contentUrl\":\"https:\\\/\\\/www.ar-shelving.com\\\/wp-content\\\/uploads\\\/2023\\\/01\\\/barco.jpg\",\"width\":830,\"height\":404},{\"@type\":\"WebSite\",\"@id\":\"https:\\\/\\\/www.ar-shelving.com\\\/#website\",\"url\":\"https:\\\/\\\/www.ar-shelving.com\\\/\",\"name\":\"AR Shelving, metal shelving for DIY, trade and industries\",\"description\":\"metal shelving\",\"publisher\":{\"@id\":\"https:\\\/\\\/www.ar-shelving.com\\\/#organization\"},\"potentialAction\":[{\"@type\":\"SearchAction\",\"target\":{\"@type\":\"EntryPoint\",\"urlTemplate\":\"https:\\\/\\\/www.ar-shelving.com\\\/?s={search_term_string}\"},\"query-input\":{\"@type\":\"PropertyValueSpecification\",\"valueRequired\":true,\"valueName\":\"search_term_string\"}}],\"inLanguage\":\"es\"},{\"@type\":\"Organization\",\"@id\":\"https:\\\/\\\/www.ar-shelving.com\\\/#organization\",\"name\":\"AR Shelving S.A.\",\"url\":\"https:\\\/\\\/www.ar-shelving.com\\\/\",\"logo\":{\"@type\":\"ImageObject\",\"inLanguage\":\"es\",\"@id\":\"https:\\\/\\\/www.ar-shelving.com\\\/#\\\/schema\\\/logo\\\/image\\\/\",\"url\":\"https:\\\/\\\/www.ar-shelving.com\\\/wp-content\\\/uploads\\\/2022\\\/06\\\/Grupo-389.png\",\"contentUrl\":\"https:\\\/\\\/www.ar-shelving.com\\\/wp-content\\\/uploads\\\/2022\\\/06\\\/Grupo-389.png\",\"width\":251,\"height\":43,\"caption\":\"AR Shelving S.A.\"},\"image\":{\"@id\":\"https:\\\/\\\/www.ar-shelving.com\\\/#\\\/schema\\\/logo\\\/image\\\/\"},\"sameAs\":[\"https:\\\/\\\/www.facebook.com\\\/MetallicShelving\",\"https:\\\/\\\/www.linkedin.com\\\/company\\\/arshelving\\\/\",\"https:\\\/\\\/www.instagram.com\\\/ar_shelving\\\/\",\"https:\\\/\\\/www.youtube.com\\\/user\\\/ARstorage\",\"https:\\\/\\\/www.pinterest.es\\\/arshelving\\\/\"]},{\"@type\":\"Person\",\"@id\":\"https:\\\/\\\/www.ar-shelving.com\\\/#\\\/schema\\\/person\\\/f4169b1ec5ad76791670644dbede7a0a\",\"name\":\"humberto\",\"image\":{\"@type\":\"ImageObject\",\"inLanguage\":\"es\",\"@id\":\"https:\\\/\\\/secure.gravatar.com\\\/avatar\\\/32a83f42fd9eadc28720bb2217c2cbc0a3be8dfb8c4e424dae225e815390187d?s=96&d=mm&r=g\",\"url\":\"https:\\\/\\\/secure.gravatar.com\\\/avatar\\\/32a83f42fd9eadc28720bb2217c2cbc0a3be8dfb8c4e424dae225e815390187d?s=96&d=mm&r=g\",\"contentUrl\":\"https:\\\/\\\/secure.gravatar.com\\\/avatar\\\/32a83f42fd9eadc28720bb2217c2cbc0a3be8dfb8c4e424dae225e815390187d?s=96&d=mm&r=g\",\"caption\":\"humberto\"},\"sameAs\":[\"http:\\\/\\\/www.ar-shelving.com\"],\"url\":\"https:\\\/\\\/www.ar-shelving.com\\\/es\\\/news\\\/author\\\/humberto\\\/\"}]}<\/script>\n<!-- \/ Yoast SEO plugin. -->","yoast_head_json":{"title":"BRICOLAJE Y HOGAR: ANTE UNA CRISIS DE OFERTA SIN PRECEDENTES (2\u00aa PARTE) - AR Shelving, metal shelving for DIY and trade","robots":{"index":"index","follow":"follow","max-snippet":"max-snippet:-1","max-image-preview":"max-image-preview:large","max-video-preview":"max-video-preview:-1"},"canonical":"https:\/\/www.ar-shelving.com\/news\/news-the-diy-and-home-market-faces-an-unprecedented-supply-crisis-part-2\/","og_locale":"es_ES","og_type":"article","og_title":"BRICOLAJE Y HOGAR: ANTE UNA CRISIS DE OFERTA SIN PRECEDENTES (2\u00aa PARTE) - AR Shelving, metal shelving for DIY and trade","og_description":"Tras el inter\u00e9s suscitado entre nuestros colaboradores por la entrevista sobre la crisis de materias primas, estamos recibiendo muchas consultas acerca de c\u00f3mo est\u00e1 evolucionando la situaci\u00f3n. Hay mucha incertidumbre e informaciones contrarias, as\u00ed que nos hemos decidido a compartir de nuevo nuestra visi\u00f3n. Para ello hemos invitado de nuevo a nuestro Dir. comercial: I\u00f1aki [&hellip;]","og_url":"https:\/\/www.ar-shelving.com\/news\/news-the-diy-and-home-market-faces-an-unprecedented-supply-crisis-part-2\/","og_site_name":"AR Shelving, metal shelving for DIY and trade","article_publisher":"https:\/\/www.facebook.com\/MetallicShelving","article_published_time":"2023-01-16T21:20:32+00:00","article_modified_time":"2023-01-20T15:14:54+00:00","og_image":[{"width":830,"height":404,"url":"https:\/\/www.ar-shelving.com\/wp-content\/uploads\/2023\/01\/barco.jpg","type":"image\/jpeg"}],"author":"humberto","twitter_card":"summary_large_image","twitter_misc":{"Escrito por":"humberto","Tiempo de lectura":"7 minutos"},"schema":{"@context":"https:\/\/schema.org","@graph":[{"@type":"Article","@id":"https:\/\/www.ar-shelving.com\/news\/news-the-diy-and-home-market-faces-an-unprecedented-supply-crisis-part-2\/#article","isPartOf":{"@id":"https:\/\/www.ar-shelving.com\/news\/news-the-diy-and-home-market-faces-an-unprecedented-supply-crisis-part-2\/"},"author":{"name":"humberto","@id":"https:\/\/www.ar-shelving.com\/#\/schema\/person\/f4169b1ec5ad76791670644dbede7a0a"},"headline":"BRICOLAJE Y HOGAR: ANTE UNA CRISIS DE OFERTA SIN PRECEDENTES (2\u00aa PARTE)","datePublished":"2023-01-16T21:20:32+00:00","dateModified":"2023-01-20T15:14:54+00:00","mainEntityOfPage":{"@id":"https:\/\/www.ar-shelving.com\/news\/news-the-diy-and-home-market-faces-an-unprecedented-supply-crisis-part-2\/"},"wordCount":1339,"commentCount":0,"publisher":{"@id":"https:\/\/www.ar-shelving.com\/#organization"},"image":{"@id":"https:\/\/www.ar-shelving.com\/news\/news-the-diy-and-home-market-faces-an-unprecedented-supply-crisis-part-2\/#primaryimage"},"thumbnailUrl":"https:\/\/www.ar-shelving.com\/wp-content\/uploads\/2023\/01\/barco.jpg","articleSection":["Corporativa","Recientes","Situaci\u00f3n actual"],"inLanguage":"es","potentialAction":[{"@type":"CommentAction","name":"Comment","target":["https:\/\/www.ar-shelving.com\/news\/news-the-diy-and-home-market-faces-an-unprecedented-supply-crisis-part-2\/#respond"]}]},{"@type":"WebPage","@id":"https:\/\/www.ar-shelving.com\/news\/news-the-diy-and-home-market-faces-an-unprecedented-supply-crisis-part-2\/","url":"https:\/\/www.ar-shelving.com\/news\/news-the-diy-and-home-market-faces-an-unprecedented-supply-crisis-part-2\/","name":"BRICOLAJE Y HOGAR: ANTE UNA CRISIS DE OFERTA SIN PRECEDENTES (2\u00aa PARTE) - AR Shelving, metal shelving for DIY and trade","isPartOf":{"@id":"https:\/\/www.ar-shelving.com\/#website"},"primaryImageOfPage":{"@id":"https:\/\/www.ar-shelving.com\/news\/news-the-diy-and-home-market-faces-an-unprecedented-supply-crisis-part-2\/#primaryimage"},"image":{"@id":"https:\/\/www.ar-shelving.com\/news\/news-the-diy-and-home-market-faces-an-unprecedented-supply-crisis-part-2\/#primaryimage"},"thumbnailUrl":"https:\/\/www.ar-shelving.com\/wp-content\/uploads\/2023\/01\/barco.jpg","datePublished":"2023-01-16T21:20:32+00:00","dateModified":"2023-01-20T15:14:54+00:00","inLanguage":"es","potentialAction":[{"@type":"ReadAction","target":["https:\/\/www.ar-shelving.com\/news\/news-the-diy-and-home-market-faces-an-unprecedented-supply-crisis-part-2\/"]}]},{"@type":"ImageObject","inLanguage":"es","@id":"https:\/\/www.ar-shelving.com\/news\/news-the-diy-and-home-market-faces-an-unprecedented-supply-crisis-part-2\/#primaryimage","url":"https:\/\/www.ar-shelving.com\/wp-content\/uploads\/2023\/01\/barco.jpg","contentUrl":"https:\/\/www.ar-shelving.com\/wp-content\/uploads\/2023\/01\/barco.jpg","width":830,"height":404},{"@type":"WebSite","@id":"https:\/\/www.ar-shelving.com\/#website","url":"https:\/\/www.ar-shelving.com\/","name":"AR Shelving, metal shelving for DIY, trade and industries","description":"metal shelving","publisher":{"@id":"https:\/\/www.ar-shelving.com\/#organization"},"potentialAction":[{"@type":"SearchAction","target":{"@type":"EntryPoint","urlTemplate":"https:\/\/www.ar-shelving.com\/?s={search_term_string}"},"query-input":{"@type":"PropertyValueSpecification","valueRequired":true,"valueName":"search_term_string"}}],"inLanguage":"es"},{"@type":"Organization","@id":"https:\/\/www.ar-shelving.com\/#organization","name":"AR Shelving S.A.","url":"https:\/\/www.ar-shelving.com\/","logo":{"@type":"ImageObject","inLanguage":"es","@id":"https:\/\/www.ar-shelving.com\/#\/schema\/logo\/image\/","url":"https:\/\/www.ar-shelving.com\/wp-content\/uploads\/2022\/06\/Grupo-389.png","contentUrl":"https:\/\/www.ar-shelving.com\/wp-content\/uploads\/2022\/06\/Grupo-389.png","width":251,"height":43,"caption":"AR Shelving S.A."},"image":{"@id":"https:\/\/www.ar-shelving.com\/#\/schema\/logo\/image\/"},"sameAs":["https:\/\/www.facebook.com\/MetallicShelving","https:\/\/www.linkedin.com\/company\/arshelving\/","https:\/\/www.instagram.com\/ar_shelving\/","https:\/\/www.youtube.com\/user\/ARstorage","https:\/\/www.pinterest.es\/arshelving\/"]},{"@type":"Person","@id":"https:\/\/www.ar-shelving.com\/#\/schema\/person\/f4169b1ec5ad76791670644dbede7a0a","name":"humberto","image":{"@type":"ImageObject","inLanguage":"es","@id":"https:\/\/secure.gravatar.com\/avatar\/32a83f42fd9eadc28720bb2217c2cbc0a3be8dfb8c4e424dae225e815390187d?s=96&d=mm&r=g","url":"https:\/\/secure.gravatar.com\/avatar\/32a83f42fd9eadc28720bb2217c2cbc0a3be8dfb8c4e424dae225e815390187d?s=96&d=mm&r=g","contentUrl":"https:\/\/secure.gravatar.com\/avatar\/32a83f42fd9eadc28720bb2217c2cbc0a3be8dfb8c4e424dae225e815390187d?s=96&d=mm&r=g","caption":"humberto"},"sameAs":["http:\/\/www.ar-shelving.com"],"url":"https:\/\/www.ar-shelving.com\/es\/news\/author\/humberto\/"}]}},"_links":{"self":[{"href":"https:\/\/www.ar-shelving.com\/es\/wp-json\/wp\/v2\/posts\/17492","targetHints":{"allow":["GET"]}}],"collection":[{"href":"https:\/\/www.ar-shelving.com\/es\/wp-json\/wp\/v2\/posts"}],"about":[{"href":"https:\/\/www.ar-shelving.com\/es\/wp-json\/wp\/v2\/types\/post"}],"author":[{"embeddable":true,"href":"https:\/\/www.ar-shelving.com\/es\/wp-json\/wp\/v2\/users\/1"}],"replies":[{"embeddable":true,"href":"https:\/\/www.ar-shelving.com\/es\/wp-json\/wp\/v2\/comments?post=17492"}],"version-history":[{"count":0,"href":"https:\/\/www.ar-shelving.com\/es\/wp-json\/wp\/v2\/posts\/17492\/revisions"}],"wp:featuredmedia":[{"embeddable":true,"href":"https:\/\/www.ar-shelving.com\/es\/wp-json\/wp\/v2\/media\/15922"}],"wp:attachment":[{"href":"https:\/\/www.ar-shelving.com\/es\/wp-json\/wp\/v2\/media?parent=17492"}],"wp:term":[{"taxonomy":"category","embeddable":true,"href":"https:\/\/www.ar-shelving.com\/es\/wp-json\/wp\/v2\/categories?post=17492"},{"taxonomy":"post_tag","embeddable":true,"href":"https:\/\/www.ar-shelving.com\/es\/wp-json\/wp\/v2\/tags?post=17492"}],"curies":[{"name":"wp","href":"https:\/\/api.w.org\/{rel}","templated":true}]}}