{"id":17322,"date":"2023-01-16T20:29:21","date_gmt":"2023-01-16T20:29:21","guid":{"rendered":"https:\/\/www.ar-shelving.com\/news\/ar-shelving-est-present-une-annee-de-plus-au-salon-expocadena\/"},"modified":"2023-01-19T13:40:06","modified_gmt":"2023-01-19T13:40:06","slug":"ar-shelving-a-expocadena","status":"publish","type":"post","link":"https:\/\/www.ar-shelving.com\/fr\/news\/ar-shelving-a-expocadena\/","title":{"rendered":"AR Shelving est pr\u00e9sent une ann\u00e9e de plus au Salon ExpoCadena"},"content":{"rendered":"\n<p>Le salon ExpoCadena 2016 organis\u00e9 par le Groupe Ehlis, se consolide, dans sa seizi\u00e8me \u00e9dition, comme l\u2019un des \u00e9v\u00e9nements les plus importants de l\u2019ann\u00e9e dans le secteur de la quincaillerie.<\/p>\n\n\n\n<p>AR Shelving \u00e9tait un des exposants pr\u00e9sents \u00e0 ce Salon qui a eu lieu \u00e0 Ifema, Madrid. Nous avons pu montrer les nouvelles solutions de stockage, ainsi que proposer un nouveau concept de vente bas\u00e9 sur les besoins de l\u2019utilisateur final.<\/p>\n","protected":false},"excerpt":{"rendered":"<p>Le salon ExpoCadena 2016 organis\u00e9 par le Groupe Ehlis, se consolide, dans sa seizi\u00e8me \u00e9dition, comme l\u2019un des \u00e9v\u00e9nements les plus importants de l\u2019ann\u00e9e dans le secteur de la quincaillerie. AR Shelving \u00e9tait un des exposants pr\u00e9sents \u00e0 ce Salon qui a eu lieu \u00e0 Ifema, Madrid. Nous avons pu montrer les nouvelles solutions de [&hellip;]<\/p>\n","protected":false},"author":1,"featured_media":16248,"comment_status":"open","ping_status":"open","sticky":false,"template":"wpb-single-post.php","format":"standard","meta":{"_acf_changed":false,"_monsterinsights_skip_tracking":false,"_monsterinsights_sitenote_active":false,"_monsterinsights_sitenote_note":"","_monsterinsights_sitenote_category":0,"_uf_show_specific_survey":0,"_uf_disable_surveys":false,"title_news":"","footnotes":""},"categories":[218,185],"tags":[],"class_list":["post-17322","post","type-post","status-publish","format-standard","has-post-thumbnail","hentry","category-exposition","category-nouvelles-recentes"],"acf":[],"yoast_head":"<!-- This site is optimized with the Yoast SEO plugin v27.4 - https:\/\/yoast.com\/product\/yoast-seo-wordpress\/ -->\n<title>AR Shelving est pr\u00e9sent une ann\u00e9e de plus au Salon ExpoCadena - AR Shelving, metal shelving for DIY and trade<\/title>\n<meta name=\"robots\" content=\"index, follow, max-snippet:-1, max-image-preview:large, max-video-preview:-1\" \/>\n<link rel=\"canonical\" href=\"https:\/\/www.ar-shelving.com\/fr\/news\/ar-shelving-a-expocadena\/\" \/>\n<meta property=\"og:locale\" content=\"fr_FR\" \/>\n<meta property=\"og:type\" content=\"article\" \/>\n<meta property=\"og:title\" content=\"AR Shelving est pr\u00e9sent une ann\u00e9e de plus au Salon ExpoCadena - AR Shelving, metal shelving for DIY and trade\" \/>\n<meta property=\"og:description\" content=\"Le salon ExpoCadena 2016 organis\u00e9 par le Groupe Ehlis, se consolide, dans sa seizi\u00e8me \u00e9dition, comme l\u2019un des \u00e9v\u00e9nements les plus importants de l\u2019ann\u00e9e dans le secteur de la quincaillerie. AR Shelving \u00e9tait un des exposants pr\u00e9sents \u00e0 ce Salon qui a eu lieu \u00e0 Ifema, Madrid. Nous avons pu montrer les nouvelles solutions de [&hellip;]\" \/>\n<meta property=\"og:url\" content=\"https:\/\/www.ar-shelving.com\/fr\/news\/ar-shelving-a-expocadena\/\" \/>\n<meta property=\"og:site_name\" content=\"AR Shelving, metal shelving for DIY and trade\" \/>\n<meta property=\"article:publisher\" content=\"https:\/\/www.facebook.com\/MetallicShelving\" \/>\n<meta property=\"article:published_time\" content=\"2023-01-16T20:29:21+00:00\" \/>\n<meta property=\"article:modified_time\" content=\"2023-01-19T13:40:06+00:00\" \/>\n<meta property=\"og:image\" content=\"https:\/\/www.ar-shelving.com\/wp-content\/uploads\/2023\/01\/home-improvement_02-1.jpg\" \/>\n\t<meta property=\"og:image:width\" content=\"830\" \/>\n\t<meta property=\"og:image:height\" content=\"404\" \/>\n\t<meta property=\"og:image:type\" content=\"image\/jpeg\" \/>\n<meta name=\"author\" content=\"humberto\" \/>\n<meta name=\"twitter:card\" content=\"summary_large_image\" \/>\n<meta name=\"twitter:label1\" content=\"\u00c9crit par\" \/>\n\t<meta name=\"twitter:data1\" content=\"humberto\" \/>\n<script type=\"application\/ld+json\" class=\"yoast-schema-graph\">{\"@context\":\"https:\\\/\\\/schema.org\",\"@graph\":[{\"@type\":\"Article\",\"@id\":\"https:\\\/\\\/www.ar-shelving.com\\\/fr\\\/news\\\/ar-shelving-a-expocadena\\\/#article\",\"isPartOf\":{\"@id\":\"https:\\\/\\\/www.ar-shelving.com\\\/fr\\\/news\\\/ar-shelving-a-expocadena\\\/\"},\"author\":{\"name\":\"humberto\",\"@id\":\"https:\\\/\\\/www.ar-shelving.com\\\/#\\\/schema\\\/person\\\/f4169b1ec5ad76791670644dbede7a0a\"},\"headline\":\"AR Shelving est pr\u00e9sent une ann\u00e9e de plus au Salon ExpoCadena\",\"datePublished\":\"2023-01-16T20:29:21+00:00\",\"dateModified\":\"2023-01-19T13:40:06+00:00\",\"mainEntityOfPage\":{\"@id\":\"https:\\\/\\\/www.ar-shelving.com\\\/fr\\\/news\\\/ar-shelving-a-expocadena\\\/\"},\"wordCount\":88,\"commentCount\":0,\"publisher\":{\"@id\":\"https:\\\/\\\/www.ar-shelving.com\\\/#organization\"},\"image\":{\"@id\":\"https:\\\/\\\/www.ar-shelving.com\\\/fr\\\/news\\\/ar-shelving-a-expocadena\\\/#primaryimage\"},\"thumbnailUrl\":\"https:\\\/\\\/www.ar-shelving.com\\\/wp-content\\\/uploads\\\/2023\\\/01\\\/home-improvement_02-1.jpg\",\"articleSection\":[\"Exposition\",\"Nouvelles R\u00e9centes\"],\"inLanguage\":\"fr-FR\",\"potentialAction\":[{\"@type\":\"CommentAction\",\"name\":\"Comment\",\"target\":[\"https:\\\/\\\/www.ar-shelving.com\\\/fr\\\/news\\\/ar-shelving-a-expocadena\\\/#respond\"]}]},{\"@type\":\"WebPage\",\"@id\":\"https:\\\/\\\/www.ar-shelving.com\\\/fr\\\/news\\\/ar-shelving-a-expocadena\\\/\",\"url\":\"https:\\\/\\\/www.ar-shelving.com\\\/fr\\\/news\\\/ar-shelving-a-expocadena\\\/\",\"name\":\"AR Shelving est pr\u00e9sent une ann\u00e9e de plus au Salon ExpoCadena - AR Shelving, metal shelving for DIY and trade\",\"isPartOf\":{\"@id\":\"https:\\\/\\\/www.ar-shelving.com\\\/#website\"},\"primaryImageOfPage\":{\"@id\":\"https:\\\/\\\/www.ar-shelving.com\\\/fr\\\/news\\\/ar-shelving-a-expocadena\\\/#primaryimage\"},\"image\":{\"@id\":\"https:\\\/\\\/www.ar-shelving.com\\\/fr\\\/news\\\/ar-shelving-a-expocadena\\\/#primaryimage\"},\"thumbnailUrl\":\"https:\\\/\\\/www.ar-shelving.com\\\/wp-content\\\/uploads\\\/2023\\\/01\\\/home-improvement_02-1.jpg\",\"datePublished\":\"2023-01-16T20:29:21+00:00\",\"dateModified\":\"2023-01-19T13:40:06+00:00\",\"inLanguage\":\"fr-FR\",\"potentialAction\":[{\"@type\":\"ReadAction\",\"target\":[\"https:\\\/\\\/www.ar-shelving.com\\\/fr\\\/news\\\/ar-shelving-a-expocadena\\\/\"]}]},{\"@type\":\"ImageObject\",\"inLanguage\":\"fr-FR\",\"@id\":\"https:\\\/\\\/www.ar-shelving.com\\\/fr\\\/news\\\/ar-shelving-a-expocadena\\\/#primaryimage\",\"url\":\"https:\\\/\\\/www.ar-shelving.com\\\/wp-content\\\/uploads\\\/2023\\\/01\\\/home-improvement_02-1.jpg\",\"contentUrl\":\"https:\\\/\\\/www.ar-shelving.com\\\/wp-content\\\/uploads\\\/2023\\\/01\\\/home-improvement_02-1.jpg\",\"width\":830,\"height\":404},{\"@type\":\"WebSite\",\"@id\":\"https:\\\/\\\/www.ar-shelving.com\\\/#website\",\"url\":\"https:\\\/\\\/www.ar-shelving.com\\\/\",\"name\":\"AR Shelving, metal shelving for DIY, trade and industries\",\"description\":\"metal shelving\",\"publisher\":{\"@id\":\"https:\\\/\\\/www.ar-shelving.com\\\/#organization\"},\"potentialAction\":[{\"@type\":\"SearchAction\",\"target\":{\"@type\":\"EntryPoint\",\"urlTemplate\":\"https:\\\/\\\/www.ar-shelving.com\\\/?s={search_term_string}\"},\"query-input\":{\"@type\":\"PropertyValueSpecification\",\"valueRequired\":true,\"valueName\":\"search_term_string\"}}],\"inLanguage\":\"fr-FR\"},{\"@type\":\"Organization\",\"@id\":\"https:\\\/\\\/www.ar-shelving.com\\\/#organization\",\"name\":\"AR Shelving S.A.\",\"url\":\"https:\\\/\\\/www.ar-shelving.com\\\/\",\"logo\":{\"@type\":\"ImageObject\",\"inLanguage\":\"fr-FR\",\"@id\":\"https:\\\/\\\/www.ar-shelving.com\\\/#\\\/schema\\\/logo\\\/image\\\/\",\"url\":\"https:\\\/\\\/www.ar-shelving.com\\\/wp-content\\\/uploads\\\/2022\\\/06\\\/Grupo-389.png\",\"contentUrl\":\"https:\\\/\\\/www.ar-shelving.com\\\/wp-content\\\/uploads\\\/2022\\\/06\\\/Grupo-389.png\",\"width\":251,\"height\":43,\"caption\":\"AR Shelving S.A.\"},\"image\":{\"@id\":\"https:\\\/\\\/www.ar-shelving.com\\\/#\\\/schema\\\/logo\\\/image\\\/\"},\"sameAs\":[\"https:\\\/\\\/www.facebook.com\\\/MetallicShelving\",\"https:\\\/\\\/www.linkedin.com\\\/company\\\/arshelving\\\/\",\"https:\\\/\\\/www.instagram.com\\\/ar_shelving\\\/\",\"https:\\\/\\\/www.youtube.com\\\/user\\\/ARstorage\",\"https:\\\/\\\/www.pinterest.es\\\/arshelving\\\/\"]},{\"@type\":\"Person\",\"@id\":\"https:\\\/\\\/www.ar-shelving.com\\\/#\\\/schema\\\/person\\\/f4169b1ec5ad76791670644dbede7a0a\",\"name\":\"humberto\",\"image\":{\"@type\":\"ImageObject\",\"inLanguage\":\"fr-FR\",\"@id\":\"https:\\\/\\\/secure.gravatar.com\\\/avatar\\\/32a83f42fd9eadc28720bb2217c2cbc0a3be8dfb8c4e424dae225e815390187d?s=96&d=mm&r=g\",\"url\":\"https:\\\/\\\/secure.gravatar.com\\\/avatar\\\/32a83f42fd9eadc28720bb2217c2cbc0a3be8dfb8c4e424dae225e815390187d?s=96&d=mm&r=g\",\"contentUrl\":\"https:\\\/\\\/secure.gravatar.com\\\/avatar\\\/32a83f42fd9eadc28720bb2217c2cbc0a3be8dfb8c4e424dae225e815390187d?s=96&d=mm&r=g\",\"caption\":\"humberto\"},\"sameAs\":[\"http:\\\/\\\/www.ar-shelving.com\"],\"url\":\"https:\\\/\\\/www.ar-shelving.com\\\/fr\\\/news\\\/author\\\/humberto\\\/\"}]}<\/script>\n<!-- \/ Yoast SEO plugin. -->","yoast_head_json":{"title":"AR Shelving est pr\u00e9sent une ann\u00e9e de plus au Salon ExpoCadena - AR Shelving, metal shelving for DIY and trade","robots":{"index":"index","follow":"follow","max-snippet":"max-snippet:-1","max-image-preview":"max-image-preview:large","max-video-preview":"max-video-preview:-1"},"canonical":"https:\/\/www.ar-shelving.com\/fr\/news\/ar-shelving-a-expocadena\/","og_locale":"fr_FR","og_type":"article","og_title":"AR Shelving est pr\u00e9sent une ann\u00e9e de plus au Salon ExpoCadena - AR Shelving, metal shelving for DIY and trade","og_description":"Le salon ExpoCadena 2016 organis\u00e9 par le Groupe Ehlis, se consolide, dans sa seizi\u00e8me \u00e9dition, comme l\u2019un des \u00e9v\u00e9nements les plus importants de l\u2019ann\u00e9e dans le secteur de la quincaillerie. AR Shelving \u00e9tait un des exposants pr\u00e9sents \u00e0 ce Salon qui a eu lieu \u00e0 Ifema, Madrid. Nous avons pu montrer les nouvelles solutions de [&hellip;]","og_url":"https:\/\/www.ar-shelving.com\/fr\/news\/ar-shelving-a-expocadena\/","og_site_name":"AR Shelving, metal shelving for DIY and trade","article_publisher":"https:\/\/www.facebook.com\/MetallicShelving","article_published_time":"2023-01-16T20:29:21+00:00","article_modified_time":"2023-01-19T13:40:06+00:00","og_image":[{"width":830,"height":404,"url":"https:\/\/www.ar-shelving.com\/wp-content\/uploads\/2023\/01\/home-improvement_02-1.jpg","type":"image\/jpeg"}],"author":"humberto","twitter_card":"summary_large_image","twitter_misc":{"\u00c9crit par":"humberto"},"schema":{"@context":"https:\/\/schema.org","@graph":[{"@type":"Article","@id":"https:\/\/www.ar-shelving.com\/fr\/news\/ar-shelving-a-expocadena\/#article","isPartOf":{"@id":"https:\/\/www.ar-shelving.com\/fr\/news\/ar-shelving-a-expocadena\/"},"author":{"name":"humberto","@id":"https:\/\/www.ar-shelving.com\/#\/schema\/person\/f4169b1ec5ad76791670644dbede7a0a"},"headline":"AR Shelving est pr\u00e9sent une ann\u00e9e de plus au Salon ExpoCadena","datePublished":"2023-01-16T20:29:21+00:00","dateModified":"2023-01-19T13:40:06+00:00","mainEntityOfPage":{"@id":"https:\/\/www.ar-shelving.com\/fr\/news\/ar-shelving-a-expocadena\/"},"wordCount":88,"commentCount":0,"publisher":{"@id":"https:\/\/www.ar-shelving.com\/#organization"},"image":{"@id":"https:\/\/www.ar-shelving.com\/fr\/news\/ar-shelving-a-expocadena\/#primaryimage"},"thumbnailUrl":"https:\/\/www.ar-shelving.com\/wp-content\/uploads\/2023\/01\/home-improvement_02-1.jpg","articleSection":["Exposition","Nouvelles R\u00e9centes"],"inLanguage":"fr-FR","potentialAction":[{"@type":"CommentAction","name":"Comment","target":["https:\/\/www.ar-shelving.com\/fr\/news\/ar-shelving-a-expocadena\/#respond"]}]},{"@type":"WebPage","@id":"https:\/\/www.ar-shelving.com\/fr\/news\/ar-shelving-a-expocadena\/","url":"https:\/\/www.ar-shelving.com\/fr\/news\/ar-shelving-a-expocadena\/","name":"AR Shelving est pr\u00e9sent une ann\u00e9e de plus au Salon ExpoCadena - AR Shelving, metal shelving for DIY and trade","isPartOf":{"@id":"https:\/\/www.ar-shelving.com\/#website"},"primaryImageOfPage":{"@id":"https:\/\/www.ar-shelving.com\/fr\/news\/ar-shelving-a-expocadena\/#primaryimage"},"image":{"@id":"https:\/\/www.ar-shelving.com\/fr\/news\/ar-shelving-a-expocadena\/#primaryimage"},"thumbnailUrl":"https:\/\/www.ar-shelving.com\/wp-content\/uploads\/2023\/01\/home-improvement_02-1.jpg","datePublished":"2023-01-16T20:29:21+00:00","dateModified":"2023-01-19T13:40:06+00:00","inLanguage":"fr-FR","potentialAction":[{"@type":"ReadAction","target":["https:\/\/www.ar-shelving.com\/fr\/news\/ar-shelving-a-expocadena\/"]}]},{"@type":"ImageObject","inLanguage":"fr-FR","@id":"https:\/\/www.ar-shelving.com\/fr\/news\/ar-shelving-a-expocadena\/#primaryimage","url":"https:\/\/www.ar-shelving.com\/wp-content\/uploads\/2023\/01\/home-improvement_02-1.jpg","contentUrl":"https:\/\/www.ar-shelving.com\/wp-content\/uploads\/2023\/01\/home-improvement_02-1.jpg","width":830,"height":404},{"@type":"WebSite","@id":"https:\/\/www.ar-shelving.com\/#website","url":"https:\/\/www.ar-shelving.com\/","name":"AR Shelving, metal shelving for DIY, trade and industries","description":"metal shelving","publisher":{"@id":"https:\/\/www.ar-shelving.com\/#organization"},"potentialAction":[{"@type":"SearchAction","target":{"@type":"EntryPoint","urlTemplate":"https:\/\/www.ar-shelving.com\/?s={search_term_string}"},"query-input":{"@type":"PropertyValueSpecification","valueRequired":true,"valueName":"search_term_string"}}],"inLanguage":"fr-FR"},{"@type":"Organization","@id":"https:\/\/www.ar-shelving.com\/#organization","name":"AR Shelving S.A.","url":"https:\/\/www.ar-shelving.com\/","logo":{"@type":"ImageObject","inLanguage":"fr-FR","@id":"https:\/\/www.ar-shelving.com\/#\/schema\/logo\/image\/","url":"https:\/\/www.ar-shelving.com\/wp-content\/uploads\/2022\/06\/Grupo-389.png","contentUrl":"https:\/\/www.ar-shelving.com\/wp-content\/uploads\/2022\/06\/Grupo-389.png","width":251,"height":43,"caption":"AR Shelving S.A."},"image":{"@id":"https:\/\/www.ar-shelving.com\/#\/schema\/logo\/image\/"},"sameAs":["https:\/\/www.facebook.com\/MetallicShelving","https:\/\/www.linkedin.com\/company\/arshelving\/","https:\/\/www.instagram.com\/ar_shelving\/","https:\/\/www.youtube.com\/user\/ARstorage","https:\/\/www.pinterest.es\/arshelving\/"]},{"@type":"Person","@id":"https:\/\/www.ar-shelving.com\/#\/schema\/person\/f4169b1ec5ad76791670644dbede7a0a","name":"humberto","image":{"@type":"ImageObject","inLanguage":"fr-FR","@id":"https:\/\/secure.gravatar.com\/avatar\/32a83f42fd9eadc28720bb2217c2cbc0a3be8dfb8c4e424dae225e815390187d?s=96&d=mm&r=g","url":"https:\/\/secure.gravatar.com\/avatar\/32a83f42fd9eadc28720bb2217c2cbc0a3be8dfb8c4e424dae225e815390187d?s=96&d=mm&r=g","contentUrl":"https:\/\/secure.gravatar.com\/avatar\/32a83f42fd9eadc28720bb2217c2cbc0a3be8dfb8c4e424dae225e815390187d?s=96&d=mm&r=g","caption":"humberto"},"sameAs":["http:\/\/www.ar-shelving.com"],"url":"https:\/\/www.ar-shelving.com\/fr\/news\/author\/humberto\/"}]}},"_links":{"self":[{"href":"https:\/\/www.ar-shelving.com\/fr\/wp-json\/wp\/v2\/posts\/17322","targetHints":{"allow":["GET"]}}],"collection":[{"href":"https:\/\/www.ar-shelving.com\/fr\/wp-json\/wp\/v2\/posts"}],"about":[{"href":"https:\/\/www.ar-shelving.com\/fr\/wp-json\/wp\/v2\/types\/post"}],"author":[{"embeddable":true,"href":"https:\/\/www.ar-shelving.com\/fr\/wp-json\/wp\/v2\/users\/1"}],"replies":[{"embeddable":true,"href":"https:\/\/www.ar-shelving.com\/fr\/wp-json\/wp\/v2\/comments?post=17322"}],"version-history":[{"count":0,"href":"https:\/\/www.ar-shelving.com\/fr\/wp-json\/wp\/v2\/posts\/17322\/revisions"}],"wp:featuredmedia":[{"embeddable":true,"href":"https:\/\/www.ar-shelving.com\/fr\/wp-json\/wp\/v2\/media\/16248"}],"wp:attachment":[{"href":"https:\/\/www.ar-shelving.com\/fr\/wp-json\/wp\/v2\/media?parent=17322"}],"wp:term":[{"taxonomy":"category","embeddable":true,"href":"https:\/\/www.ar-shelving.com\/fr\/wp-json\/wp\/v2\/categories?post=17322"},{"taxonomy":"post_tag","embeddable":true,"href":"https:\/\/www.ar-shelving.com\/fr\/wp-json\/wp\/v2\/tags?post=17322"}],"curies":[{"name":"wp","href":"https:\/\/api.w.org\/{rel}","templated":true}]}}