{"id":17336,"date":"2023-01-16T20:40:04","date_gmt":"2023-01-16T20:40:04","guid":{"rendered":"https:\/\/www.ar-shelving.com\/news\/ar-shelving-expose-au-salon-eisenwarenmesse-a-cologne\/"},"modified":"2023-01-16T20:40:04","modified_gmt":"2023-01-16T20:40:04","slug":"ar-shelving-expose-au-salon-eisenwarenmesse-a-cologne","status":"publish","type":"post","link":"https:\/\/www.ar-shelving.com\/fr\/news\/ar-shelving-expose-au-salon-eisenwarenmesse-a-cologne\/","title":{"rendered":"AR Shelving expose au salon EISENWARENMESSE \u00e0 Cologne"},"content":{"rendered":"<div class=\"entry-thumb\"><\/div>\n<div class=\"entry-content\">\n<p>AR Shelving ne pouvait pas manquer la derni\u00e8re \u00e9dition du\u00a0<strong>Salon International de la Quincaillerie et du bricolage<\/strong>, Eisenwarenmesse, le salon biennal qui se d\u00e9roule dans la ville allemande de<strong>\u00a0Cologne<\/strong>.<\/p>\n<p><img fetchpriority=\"high\" decoding=\"async\" class=\"alignnone wp-image-17186 size-full\" src=\"https:\/\/www.ar-shelving.com\/wp-content\/uploads\/2023\/01\/IEW2018-1024x567-1.jpg\" alt=\"\" width=\"1024\" height=\"567\" srcset=\"https:\/\/www.ar-shelving.com\/wp-content\/uploads\/2023\/01\/IEW2018-1024x567-1.jpg 1024w, https:\/\/www.ar-shelving.com\/wp-content\/uploads\/2023\/01\/IEW2018-1024x567-1-300x166.jpg 300w\" sizes=\"(max-width: 1024px) 100vw, 1024px\" \/><\/p>\n<p>Il s\u2019agit de l\u2019\u00e9v\u00e9nement de r\u00e9f\u00e9rence dans le secteur, o\u00f9 se rassemblent les soci\u00e9t\u00e9s et organisations internationales les plus repr\u00e9sentatives. Cette ann\u00e9e, le Salon a connu une nette\u00a0<strong>augmentation du nombre de visiteurs et d\u2019exposants<\/strong>.<\/p>\n<p>Le bilan du salon a \u00e9t\u00e9 tr\u00e8s positif avec un grand nombre de r\u00e9unions int\u00e9ressantes tout au long des 4 jours du salon. Les visites deviennent de plus en plus exigeantes par rapport\u00a0<strong>\u00e0 la connaissance du march\u00e9 et aux demandes des utilisateurs finaux<\/strong>, ce qui nous permet d\u2019offrir des solutions compl\u00e8tes adapt\u00e9es au march\u00e9 et au client.<\/p>\n<p><img decoding=\"async\" class=\"alignnone wp-image-16878 size-full\" src=\"https:\/\/www.ar-shelving.com\/wp-content\/uploads\/2023\/01\/eisenwarenmesse_fair-1024x567-1.jpg\" alt=\"\" width=\"1024\" height=\"567\" srcset=\"https:\/\/www.ar-shelving.com\/wp-content\/uploads\/2023\/01\/eisenwarenmesse_fair-1024x567-1.jpg 1024w, https:\/\/www.ar-shelving.com\/wp-content\/uploads\/2023\/01\/eisenwarenmesse_fair-1024x567-1-300x166.jpg 300w\" sizes=\"(max-width: 1024px) 100vw, 1024px\" \/><\/p>\n<p>AR Shelving a \u00e9t\u00e9 pr\u00e9sent avec un stand de 120m2 o\u00f9 il a pu montrer ses derni\u00e8res nouveaut\u00e9s : la gamme Stabil avec un syst\u00e8me de montage bas\u00e9 sur la\u00a0<strong>technologie Rivet<\/strong>.<\/p>\n<p>D\u00e8s maintenant, Ar Shelving tourne son enthousiasme dans la pr\u00e9paration de sa prochaine participation au\u00a0<strong>Global DIY Summit<\/strong>, qui se tiendra \u00e0\u00a0<strong>Barcelone<\/strong>\u00a0en juin prochain.<\/p>\n<\/div>\n","protected":false},"excerpt":{"rendered":"<p>AR Shelving ne pouvait pas manquer la derni\u00e8re \u00e9dition du\u00a0Salon International de la Quincaillerie et du bricolage, Eisenwarenmesse, le salon biennal qui se d\u00e9roule dans la ville allemande de\u00a0Cologne. Il s\u2019agit de l\u2019\u00e9v\u00e9nement de r\u00e9f\u00e9rence dans le secteur, o\u00f9 se rassemblent les soci\u00e9t\u00e9s et organisations internationales les plus repr\u00e9sentatives. Cette ann\u00e9e, le Salon a connu [&hellip;]<\/p>\n","protected":false},"author":1,"featured_media":17029,"comment_status":"open","ping_status":"open","sticky":false,"template":"wpb-single-post.php","format":"standard","meta":{"_acf_changed":false,"_monsterinsights_skip_tracking":false,"_monsterinsights_sitenote_active":false,"_monsterinsights_sitenote_note":"","_monsterinsights_sitenote_category":0,"_uf_show_specific_survey":0,"_uf_disable_surveys":false,"title_news":"","footnotes":""},"categories":[218,185],"tags":[],"class_list":["post-17336","post","type-post","status-publish","format-standard","has-post-thumbnail","hentry","category-exposition","category-nouvelles-recentes"],"acf":[],"yoast_head":"<!-- This site is optimized with the Yoast SEO plugin v27.4 - https:\/\/yoast.com\/product\/yoast-seo-wordpress\/ -->\n<title>AR Shelving expose au salon EISENWARENMESSE \u00e0 Cologne - AR Shelving, metal shelving for DIY and trade<\/title>\n<meta name=\"robots\" content=\"index, follow, max-snippet:-1, max-image-preview:large, max-video-preview:-1\" \/>\n<link rel=\"canonical\" href=\"https:\/\/www.ar-shelving.com\/news\/eissenwarenmesse\/\" \/>\n<meta property=\"og:locale\" content=\"fr_FR\" \/>\n<meta property=\"og:type\" content=\"article\" \/>\n<meta property=\"og:title\" content=\"AR Shelving expose au salon EISENWARENMESSE \u00e0 Cologne - AR Shelving, metal shelving for DIY and trade\" \/>\n<meta property=\"og:description\" content=\"AR Shelving ne pouvait pas manquer la derni\u00e8re \u00e9dition du\u00a0Salon International de la Quincaillerie et du bricolage, Eisenwarenmesse, le salon biennal qui se d\u00e9roule dans la ville allemande de\u00a0Cologne. Il s\u2019agit de l\u2019\u00e9v\u00e9nement de r\u00e9f\u00e9rence dans le secteur, o\u00f9 se rassemblent les soci\u00e9t\u00e9s et organisations internationales les plus repr\u00e9sentatives. Cette ann\u00e9e, le Salon a connu [&hellip;]\" \/>\n<meta property=\"og:url\" content=\"https:\/\/www.ar-shelving.com\/news\/eissenwarenmesse\/\" \/>\n<meta property=\"og:site_name\" content=\"AR Shelving, metal shelving for DIY and trade\" \/>\n<meta property=\"article:publisher\" content=\"https:\/\/www.facebook.com\/MetallicShelving\" \/>\n<meta property=\"article:published_time\" content=\"2023-01-16T20:40:04+00:00\" \/>\n<meta property=\"og:image\" content=\"https:\/\/www.ar-shelving.com\/wp-content\/uploads\/2023\/01\/eisenwarenmesse_2018-830x459-1.jpeg\" \/>\n\t<meta property=\"og:image:width\" content=\"830\" \/>\n\t<meta property=\"og:image:height\" content=\"459\" \/>\n\t<meta property=\"og:image:type\" content=\"image\/jpeg\" \/>\n<meta name=\"author\" content=\"humberto\" \/>\n<meta name=\"twitter:card\" content=\"summary_large_image\" \/>\n<meta name=\"twitter:label1\" content=\"\u00c9crit par\" \/>\n\t<meta name=\"twitter:data1\" content=\"humberto\" \/>\n\t<meta name=\"twitter:label2\" content=\"Dur\u00e9e de lecture estim\u00e9e\" \/>\n\t<meta name=\"twitter:data2\" content=\"1 minute\" \/>\n<script type=\"application\/ld+json\" class=\"yoast-schema-graph\">{\"@context\":\"https:\\\/\\\/schema.org\",\"@graph\":[{\"@type\":\"Article\",\"@id\":\"https:\\\/\\\/www.ar-shelving.com\\\/news\\\/eissenwarenmesse\\\/#article\",\"isPartOf\":{\"@id\":\"https:\\\/\\\/www.ar-shelving.com\\\/news\\\/eissenwarenmesse\\\/\"},\"author\":{\"name\":\"humberto\",\"@id\":\"https:\\\/\\\/www.ar-shelving.com\\\/#\\\/schema\\\/person\\\/f4169b1ec5ad76791670644dbede7a0a\"},\"headline\":\"AR Shelving expose au salon EISENWARENMESSE \u00e0 Cologne\",\"datePublished\":\"2023-01-16T20:40:04+00:00\",\"mainEntityOfPage\":{\"@id\":\"https:\\\/\\\/www.ar-shelving.com\\\/news\\\/eissenwarenmesse\\\/\"},\"wordCount\":209,\"commentCount\":0,\"publisher\":{\"@id\":\"https:\\\/\\\/www.ar-shelving.com\\\/#organization\"},\"image\":{\"@id\":\"https:\\\/\\\/www.ar-shelving.com\\\/news\\\/eissenwarenmesse\\\/#primaryimage\"},\"thumbnailUrl\":\"https:\\\/\\\/www.ar-shelving.com\\\/wp-content\\\/uploads\\\/2023\\\/01\\\/eisenwarenmesse_2018-830x459-1.jpeg\",\"articleSection\":[\"Exposition\",\"Nouvelles R\u00e9centes\"],\"inLanguage\":\"fr-FR\",\"potentialAction\":[{\"@type\":\"CommentAction\",\"name\":\"Comment\",\"target\":[\"https:\\\/\\\/www.ar-shelving.com\\\/news\\\/eissenwarenmesse\\\/#respond\"]}]},{\"@type\":\"WebPage\",\"@id\":\"https:\\\/\\\/www.ar-shelving.com\\\/news\\\/eissenwarenmesse\\\/\",\"url\":\"https:\\\/\\\/www.ar-shelving.com\\\/news\\\/eissenwarenmesse\\\/\",\"name\":\"AR Shelving expose au salon EISENWARENMESSE \u00e0 Cologne - AR Shelving, metal shelving for DIY and trade\",\"isPartOf\":{\"@id\":\"https:\\\/\\\/www.ar-shelving.com\\\/#website\"},\"primaryImageOfPage\":{\"@id\":\"https:\\\/\\\/www.ar-shelving.com\\\/news\\\/eissenwarenmesse\\\/#primaryimage\"},\"image\":{\"@id\":\"https:\\\/\\\/www.ar-shelving.com\\\/news\\\/eissenwarenmesse\\\/#primaryimage\"},\"thumbnailUrl\":\"https:\\\/\\\/www.ar-shelving.com\\\/wp-content\\\/uploads\\\/2023\\\/01\\\/eisenwarenmesse_2018-830x459-1.jpeg\",\"datePublished\":\"2023-01-16T20:40:04+00:00\",\"inLanguage\":\"fr-FR\",\"potentialAction\":[{\"@type\":\"ReadAction\",\"target\":[\"https:\\\/\\\/www.ar-shelving.com\\\/news\\\/eissenwarenmesse\\\/\"]}]},{\"@type\":\"ImageObject\",\"inLanguage\":\"fr-FR\",\"@id\":\"https:\\\/\\\/www.ar-shelving.com\\\/news\\\/eissenwarenmesse\\\/#primaryimage\",\"url\":\"https:\\\/\\\/www.ar-shelving.com\\\/wp-content\\\/uploads\\\/2023\\\/01\\\/eisenwarenmesse_2018-830x459-1.jpeg\",\"contentUrl\":\"https:\\\/\\\/www.ar-shelving.com\\\/wp-content\\\/uploads\\\/2023\\\/01\\\/eisenwarenmesse_2018-830x459-1.jpeg\",\"width\":830,\"height\":459},{\"@type\":\"WebSite\",\"@id\":\"https:\\\/\\\/www.ar-shelving.com\\\/#website\",\"url\":\"https:\\\/\\\/www.ar-shelving.com\\\/\",\"name\":\"AR Shelving, metal shelving for DIY, trade and industries\",\"description\":\"metal shelving\",\"publisher\":{\"@id\":\"https:\\\/\\\/www.ar-shelving.com\\\/#organization\"},\"potentialAction\":[{\"@type\":\"SearchAction\",\"target\":{\"@type\":\"EntryPoint\",\"urlTemplate\":\"https:\\\/\\\/www.ar-shelving.com\\\/?s={search_term_string}\"},\"query-input\":{\"@type\":\"PropertyValueSpecification\",\"valueRequired\":true,\"valueName\":\"search_term_string\"}}],\"inLanguage\":\"fr-FR\"},{\"@type\":\"Organization\",\"@id\":\"https:\\\/\\\/www.ar-shelving.com\\\/#organization\",\"name\":\"AR Shelving S.A.\",\"url\":\"https:\\\/\\\/www.ar-shelving.com\\\/\",\"logo\":{\"@type\":\"ImageObject\",\"inLanguage\":\"fr-FR\",\"@id\":\"https:\\\/\\\/www.ar-shelving.com\\\/#\\\/schema\\\/logo\\\/image\\\/\",\"url\":\"https:\\\/\\\/www.ar-shelving.com\\\/wp-content\\\/uploads\\\/2022\\\/06\\\/Grupo-389.png\",\"contentUrl\":\"https:\\\/\\\/www.ar-shelving.com\\\/wp-content\\\/uploads\\\/2022\\\/06\\\/Grupo-389.png\",\"width\":251,\"height\":43,\"caption\":\"AR Shelving S.A.\"},\"image\":{\"@id\":\"https:\\\/\\\/www.ar-shelving.com\\\/#\\\/schema\\\/logo\\\/image\\\/\"},\"sameAs\":[\"https:\\\/\\\/www.facebook.com\\\/MetallicShelving\",\"https:\\\/\\\/www.linkedin.com\\\/company\\\/arshelving\\\/\",\"https:\\\/\\\/www.instagram.com\\\/ar_shelving\\\/\",\"https:\\\/\\\/www.youtube.com\\\/user\\\/ARstorage\",\"https:\\\/\\\/www.pinterest.es\\\/arshelving\\\/\"]},{\"@type\":\"Person\",\"@id\":\"https:\\\/\\\/www.ar-shelving.com\\\/#\\\/schema\\\/person\\\/f4169b1ec5ad76791670644dbede7a0a\",\"name\":\"humberto\",\"image\":{\"@type\":\"ImageObject\",\"inLanguage\":\"fr-FR\",\"@id\":\"https:\\\/\\\/secure.gravatar.com\\\/avatar\\\/32a83f42fd9eadc28720bb2217c2cbc0a3be8dfb8c4e424dae225e815390187d?s=96&d=mm&r=g\",\"url\":\"https:\\\/\\\/secure.gravatar.com\\\/avatar\\\/32a83f42fd9eadc28720bb2217c2cbc0a3be8dfb8c4e424dae225e815390187d?s=96&d=mm&r=g\",\"contentUrl\":\"https:\\\/\\\/secure.gravatar.com\\\/avatar\\\/32a83f42fd9eadc28720bb2217c2cbc0a3be8dfb8c4e424dae225e815390187d?s=96&d=mm&r=g\",\"caption\":\"humberto\"},\"sameAs\":[\"http:\\\/\\\/www.ar-shelving.com\"],\"url\":\"https:\\\/\\\/www.ar-shelving.com\\\/fr\\\/news\\\/author\\\/humberto\\\/\"}]}<\/script>\n<!-- \/ Yoast SEO plugin. -->","yoast_head_json":{"title":"AR Shelving expose au salon EISENWARENMESSE \u00e0 Cologne - AR Shelving, metal shelving for DIY and trade","robots":{"index":"index","follow":"follow","max-snippet":"max-snippet:-1","max-image-preview":"max-image-preview:large","max-video-preview":"max-video-preview:-1"},"canonical":"https:\/\/www.ar-shelving.com\/news\/eissenwarenmesse\/","og_locale":"fr_FR","og_type":"article","og_title":"AR Shelving expose au salon EISENWARENMESSE \u00e0 Cologne - AR Shelving, metal shelving for DIY and trade","og_description":"AR Shelving ne pouvait pas manquer la derni\u00e8re \u00e9dition du\u00a0Salon International de la Quincaillerie et du bricolage, Eisenwarenmesse, le salon biennal qui se d\u00e9roule dans la ville allemande de\u00a0Cologne. Il s\u2019agit de l\u2019\u00e9v\u00e9nement de r\u00e9f\u00e9rence dans le secteur, o\u00f9 se rassemblent les soci\u00e9t\u00e9s et organisations internationales les plus repr\u00e9sentatives. Cette ann\u00e9e, le Salon a connu [&hellip;]","og_url":"https:\/\/www.ar-shelving.com\/news\/eissenwarenmesse\/","og_site_name":"AR Shelving, metal shelving for DIY and trade","article_publisher":"https:\/\/www.facebook.com\/MetallicShelving","article_published_time":"2023-01-16T20:40:04+00:00","og_image":[{"width":830,"height":459,"url":"https:\/\/www.ar-shelving.com\/wp-content\/uploads\/2023\/01\/eisenwarenmesse_2018-830x459-1.jpeg","type":"image\/jpeg"}],"author":"humberto","twitter_card":"summary_large_image","twitter_misc":{"\u00c9crit par":"humberto","Dur\u00e9e de lecture estim\u00e9e":"1 minute"},"schema":{"@context":"https:\/\/schema.org","@graph":[{"@type":"Article","@id":"https:\/\/www.ar-shelving.com\/news\/eissenwarenmesse\/#article","isPartOf":{"@id":"https:\/\/www.ar-shelving.com\/news\/eissenwarenmesse\/"},"author":{"name":"humberto","@id":"https:\/\/www.ar-shelving.com\/#\/schema\/person\/f4169b1ec5ad76791670644dbede7a0a"},"headline":"AR Shelving expose au salon EISENWARENMESSE \u00e0 Cologne","datePublished":"2023-01-16T20:40:04+00:00","mainEntityOfPage":{"@id":"https:\/\/www.ar-shelving.com\/news\/eissenwarenmesse\/"},"wordCount":209,"commentCount":0,"publisher":{"@id":"https:\/\/www.ar-shelving.com\/#organization"},"image":{"@id":"https:\/\/www.ar-shelving.com\/news\/eissenwarenmesse\/#primaryimage"},"thumbnailUrl":"https:\/\/www.ar-shelving.com\/wp-content\/uploads\/2023\/01\/eisenwarenmesse_2018-830x459-1.jpeg","articleSection":["Exposition","Nouvelles R\u00e9centes"],"inLanguage":"fr-FR","potentialAction":[{"@type":"CommentAction","name":"Comment","target":["https:\/\/www.ar-shelving.com\/news\/eissenwarenmesse\/#respond"]}]},{"@type":"WebPage","@id":"https:\/\/www.ar-shelving.com\/news\/eissenwarenmesse\/","url":"https:\/\/www.ar-shelving.com\/news\/eissenwarenmesse\/","name":"AR Shelving expose au salon EISENWARENMESSE \u00e0 Cologne - AR Shelving, metal shelving for DIY and trade","isPartOf":{"@id":"https:\/\/www.ar-shelving.com\/#website"},"primaryImageOfPage":{"@id":"https:\/\/www.ar-shelving.com\/news\/eissenwarenmesse\/#primaryimage"},"image":{"@id":"https:\/\/www.ar-shelving.com\/news\/eissenwarenmesse\/#primaryimage"},"thumbnailUrl":"https:\/\/www.ar-shelving.com\/wp-content\/uploads\/2023\/01\/eisenwarenmesse_2018-830x459-1.jpeg","datePublished":"2023-01-16T20:40:04+00:00","inLanguage":"fr-FR","potentialAction":[{"@type":"ReadAction","target":["https:\/\/www.ar-shelving.com\/news\/eissenwarenmesse\/"]}]},{"@type":"ImageObject","inLanguage":"fr-FR","@id":"https:\/\/www.ar-shelving.com\/news\/eissenwarenmesse\/#primaryimage","url":"https:\/\/www.ar-shelving.com\/wp-content\/uploads\/2023\/01\/eisenwarenmesse_2018-830x459-1.jpeg","contentUrl":"https:\/\/www.ar-shelving.com\/wp-content\/uploads\/2023\/01\/eisenwarenmesse_2018-830x459-1.jpeg","width":830,"height":459},{"@type":"WebSite","@id":"https:\/\/www.ar-shelving.com\/#website","url":"https:\/\/www.ar-shelving.com\/","name":"AR Shelving, metal shelving for DIY, trade and industries","description":"metal shelving","publisher":{"@id":"https:\/\/www.ar-shelving.com\/#organization"},"potentialAction":[{"@type":"SearchAction","target":{"@type":"EntryPoint","urlTemplate":"https:\/\/www.ar-shelving.com\/?s={search_term_string}"},"query-input":{"@type":"PropertyValueSpecification","valueRequired":true,"valueName":"search_term_string"}}],"inLanguage":"fr-FR"},{"@type":"Organization","@id":"https:\/\/www.ar-shelving.com\/#organization","name":"AR Shelving S.A.","url":"https:\/\/www.ar-shelving.com\/","logo":{"@type":"ImageObject","inLanguage":"fr-FR","@id":"https:\/\/www.ar-shelving.com\/#\/schema\/logo\/image\/","url":"https:\/\/www.ar-shelving.com\/wp-content\/uploads\/2022\/06\/Grupo-389.png","contentUrl":"https:\/\/www.ar-shelving.com\/wp-content\/uploads\/2022\/06\/Grupo-389.png","width":251,"height":43,"caption":"AR Shelving S.A."},"image":{"@id":"https:\/\/www.ar-shelving.com\/#\/schema\/logo\/image\/"},"sameAs":["https:\/\/www.facebook.com\/MetallicShelving","https:\/\/www.linkedin.com\/company\/arshelving\/","https:\/\/www.instagram.com\/ar_shelving\/","https:\/\/www.youtube.com\/user\/ARstorage","https:\/\/www.pinterest.es\/arshelving\/"]},{"@type":"Person","@id":"https:\/\/www.ar-shelving.com\/#\/schema\/person\/f4169b1ec5ad76791670644dbede7a0a","name":"humberto","image":{"@type":"ImageObject","inLanguage":"fr-FR","@id":"https:\/\/secure.gravatar.com\/avatar\/32a83f42fd9eadc28720bb2217c2cbc0a3be8dfb8c4e424dae225e815390187d?s=96&d=mm&r=g","url":"https:\/\/secure.gravatar.com\/avatar\/32a83f42fd9eadc28720bb2217c2cbc0a3be8dfb8c4e424dae225e815390187d?s=96&d=mm&r=g","contentUrl":"https:\/\/secure.gravatar.com\/avatar\/32a83f42fd9eadc28720bb2217c2cbc0a3be8dfb8c4e424dae225e815390187d?s=96&d=mm&r=g","caption":"humberto"},"sameAs":["http:\/\/www.ar-shelving.com"],"url":"https:\/\/www.ar-shelving.com\/fr\/news\/author\/humberto\/"}]}},"_links":{"self":[{"href":"https:\/\/www.ar-shelving.com\/fr\/wp-json\/wp\/v2\/posts\/17336","targetHints":{"allow":["GET"]}}],"collection":[{"href":"https:\/\/www.ar-shelving.com\/fr\/wp-json\/wp\/v2\/posts"}],"about":[{"href":"https:\/\/www.ar-shelving.com\/fr\/wp-json\/wp\/v2\/types\/post"}],"author":[{"embeddable":true,"href":"https:\/\/www.ar-shelving.com\/fr\/wp-json\/wp\/v2\/users\/1"}],"replies":[{"embeddable":true,"href":"https:\/\/www.ar-shelving.com\/fr\/wp-json\/wp\/v2\/comments?post=17336"}],"version-history":[{"count":0,"href":"https:\/\/www.ar-shelving.com\/fr\/wp-json\/wp\/v2\/posts\/17336\/revisions"}],"wp:featuredmedia":[{"embeddable":true,"href":"https:\/\/www.ar-shelving.com\/fr\/wp-json\/wp\/v2\/media\/17029"}],"wp:attachment":[{"href":"https:\/\/www.ar-shelving.com\/fr\/wp-json\/wp\/v2\/media?parent=17336"}],"wp:term":[{"taxonomy":"category","embeddable":true,"href":"https:\/\/www.ar-shelving.com\/fr\/wp-json\/wp\/v2\/categories?post=17336"},{"taxonomy":"post_tag","embeddable":true,"href":"https:\/\/www.ar-shelving.com\/fr\/wp-json\/wp\/v2\/tags?post=17336"}],"curies":[{"name":"wp","href":"https:\/\/api.w.org\/{rel}","templated":true}]}}