{"id":17418,"date":"2023-01-19T18:03:58","date_gmt":"2023-01-19T17:03:58","guid":{"rendered":"https:\/\/www.ar-shelving.com\/news\/apres-plus-de-quatre-ans-linternational-hardware-fair-eisenwarenmesse\/"},"modified":"2024-05-02T13:21:40","modified_gmt":"2024-05-02T11:21:40","slug":"linternational-hardware-fair-a-colog","status":"publish","type":"post","link":"https:\/\/www.ar-shelving.com\/fr\/news\/linternational-hardware-fair-a-colog\/","title":{"rendered":"Apres plus de quatre ans, l&#8217;International Hardware Fair EISENWARENMESSE"},"content":{"rendered":"<p>Apr\u00e8s plus de quatre ans, en raison de la pand\u00e9mie, l\u2019International Hardware Fair 2022 Eisenwarenmesse a eu lieu \u00e0 Cologne. Cette ann\u00e9e, environ 1 400 exposants de 50 pays se sont r\u00e9unis, avec plus de 70 % de visiteurs \u00e9trangers. Nous avons demand\u00e9 \u00e0 notre Directeur Commercial, I\u00f1aki Bringas, quelles sensations et tendances nous pouvons en d\u00e9gager.<\/p>\n<p>Quel est le feedback g\u00e9n\u00e9ral du salon ?<\/p>\n<p>De mani\u00e8re g\u00e9n\u00e9rale, on peut dire que les chiffres du salon en termes de visites sont bien inf\u00e9rieurs \u00e0 ceux de 2018. Le nombre d\u2019exposants et de visiteurs a \u00e9t\u00e9 r\u00e9duit de pr\u00e8s de 50 %. Cependant, pour AR Shelving, ces chiffres ne sont pas repr\u00e9sentatifs. Nous appr\u00e9cions ce salon tr\u00e8s positivement, m\u00eame mieux que les ann\u00e9es pr\u00e9c\u00e9dentes.<\/p>\n<p>Pourquoi ? La qualit\u00e9 des visites et le temps que les acheteurs ont pu nous consacrer ont \u00e9t\u00e9 sup\u00e9rieurs.<\/p>\n<p>Apr\u00e8s tout, les principaux acteurs du secteur ont, non seulement particip\u00e9, mais ils ont \u00e9galement eu moins de distractions et plus d\u2019int\u00e9r\u00eat \u00e0 d\u00e9velopper de nouveaux concepts avec nous pour r\u00e9cup\u00e9rer les chiffres de vente en 2023. La seule fa\u00e7on de surmonter une crise de consommation est \u00e0 travers l\u2019innovation.<\/p>\n<p>Quelle est la situation actuelle du march\u00e9 ?<\/p>\n<p>Comme j\u00b4ai expliqu\u00e9 pr\u00e9c\u00e9demment, il existe une baisse g\u00e9n\u00e9rale des ventes de produits de consommation.<\/p>\n<p>Les 2 ann\u00e9es qui ont suivi la pand\u00e9mie, le secteur du&nbsp;<em>home improvement<\/em>&nbsp;a connu une forte hausse des ventes puisque nos clients ont pass\u00e9 plus de temps chez eux. Actuellement, en raison d\u2019une inflation \u00e9lev\u00e9e, d\u2019une tendance de consommation en mati\u00e8re de loisirs, d\u2019une augmentation des taux d\u2019int\u00e9r\u00eat et de la peur g\u00e9n\u00e9ralis\u00e9e de la guerre en Ukraine, le nombre de transactions a \u00e9t\u00e9 fortement r\u00e9duit.<\/p>\n<p>On pourrait dire que, en fonction du pays, la baisse des ventes transactionnelles varie entre 10% et 30%. Seule une inflation \u00e9lev\u00e9e emp\u00eache le chiffre d\u2019affaires en monnaie constante d\u2019\u00eatre dans le rouge pour le moment.<\/p>\n<p>Tout cela signifie que l\u2019ann\u00e9e 2023 est pr\u00e9sent\u00e9e avec une grande incertitude. La distribution se fait actuellement avec un niveau de stock jamais vu auparavant, qui, dans certains cas, atteint jusqu\u2019\u00e0 8 mois de stock. Cela s\u2019explique par la baisse de la demande, ainsi que par le retard du trafic maritime mondial des importations asiatiques, particuli\u00e8rement important dans les op\u00e9rations de jardinerie.<\/p>\n<p>Quelles sont vos pr\u00e9visions pour cette ann\u00e9e chez AR Shelving ?<\/p>\n<p>Malgr\u00e9 les difficult\u00e9s du march\u00e9, la situation d\u2019AR Shelving est privil\u00e9gi\u00e9e. Nous avons la chance d\u2019avoir le r\u00e9seau de distribution le plus large et le plus diversifi\u00e9 de notre secteur. Nous sommes pr\u00e9sents dans 40 pays, et nous diversifions fortement notre d\u00e9pendance vis-\u00e0-vis des pays europ\u00e9ens.<\/p>\n<p>Nous d\u00e9veloppons actuellement fortement le march\u00e9 am\u00e9ricain, qui repr\u00e9sente actuellement 20% de notre chiffre d\u2019affaires, et dans les ann\u00e9es \u00e0 venir nous esp\u00e9rons atteindre 50%. De plus, nous lan\u00e7ons 4 nouvelles gammes de produits, qui offrent des solutions de rangement compl\u00e8tes pour nos clients.<\/p>\n<p>C\u00b4est pour cette raison que, malgr\u00e9 l\u00b4affaiblissement de la demande, AR Shelving continuera sa croissance en 2023 en attirant de nouveaux distributeurs, et en lan\u00e7ant de nouveaux concepts.<\/p>\n<p><img fetchpriority=\"high\" decoding=\"async\" class=\"aligncenter size-full wp-image-17254\" src=\"https:\/\/www.ar-shelving.com\/wp-content\/uploads\/2023\/01\/International-hardware-fair_Eisenwarenmesse-22.jpg\" alt=\"\" width=\"830\" height=\"404\" srcset=\"https:\/\/www.ar-shelving.com\/wp-content\/uploads\/2023\/01\/International-hardware-fair_Eisenwarenmesse-22.jpg 830w, https:\/\/www.ar-shelving.com\/wp-content\/uploads\/2023\/01\/International-hardware-fair_Eisenwarenmesse-22-300x146.jpg 300w\" sizes=\"(max-width: 830px) 100vw, 830px\" \/><\/p>\n<p>Quelle tendance remarquez-vous de cet \u00e9v\u00e9nement ?<\/p>\n<p>De mani\u00e8re g\u00e9n\u00e9rale, je soulignerais le besoin mondial de diversifier les sources d\u2019approvisionnement et le pool de fournisseurs.<\/p>\n<p>La distribution a compris que telle d\u00e9pendance de l\u00b4approvisionnement chinois ne peut pas continuer. Pour cette raison, la grande majorit\u00e9 des distributeurs europ\u00e9ens tentent de diversifier leurs achats. Dans certains cas, on peut parler de d\u00e9localisation de la fabrication sur le sol europ\u00e9en, dans d\u2019autres, la recherche de nouveaux march\u00e9s \u00e0 co\u00fbts inf\u00e9rieurs comme l\u2019Inde, la Turquie ou le Mexique.<\/p>\n<p>D\u2019autre part, les entreprises am\u00e9ricaines se tournent vers l\u2019Europe pour trouver une source d\u2019approvisionnement en produits \u00e0 valeur ajout\u00e9e, ce qui n\u2019avait jusqu\u00b4\u00e0 pr\u00e9sent, jamais \u00e9t\u00e9 envisag\u00e9.<\/p>\n<p>Tout cela constitue une grande opportunit\u00e9 pour l\u00b4avenir pour AR Shelving, avec de forts investissements dans la capacit\u00e9 de production et dans l\u00b4automatisation, ce qui nous fait le partenaire id\u00e9al \u00e0 long terme, avec un approvisionnement garanti et une comp\u00e9titivit\u00e9 \u00e9lev\u00e9e.<\/p>\n<p><img decoding=\"async\" class=\"aligncenter size-full wp-image-17260\" src=\"https:\/\/www.ar-shelving.com\/wp-content\/uploads\/2023\/01\/ARDeco_Eisenwarenmesse-22.jpg\" alt=\"\" width=\"830\" height=\"404\" srcset=\"https:\/\/www.ar-shelving.com\/wp-content\/uploads\/2023\/01\/ARDeco_Eisenwarenmesse-22.jpg 830w, https:\/\/www.ar-shelving.com\/wp-content\/uploads\/2023\/01\/ARDeco_Eisenwarenmesse-22-300x146.jpg 300w\" sizes=\"(max-width: 830px) 100vw, 830px\" \/><\/p>\n","protected":false},"excerpt":{"rendered":"<p>Apr\u00e8s plus de quatre ans, en raison de la pand\u00e9mie, l\u2019International Hardware Fair 2022 Eisenwarenmesse a eu lieu \u00e0 Cologne. Cette ann\u00e9e, environ 1 400 exposants de 50 pays se sont r\u00e9unis, avec plus de 70 % de visiteurs \u00e9trangers. Nous avons demand\u00e9 \u00e0 notre Directeur Commercial, I\u00f1aki Bringas, quelles sensations et tendances nous pouvons [&hellip;]<\/p>\n","protected":false},"author":1,"featured_media":17249,"comment_status":"closed","ping_status":"open","sticky":false,"template":"wpb-single-post.php","format":"standard","meta":{"_acf_changed":false,"_monsterinsights_skip_tracking":false,"_monsterinsights_sitenote_active":false,"_monsterinsights_sitenote_note":"","_monsterinsights_sitenote_category":0,"_uf_show_specific_survey":0,"_uf_disable_surveys":false,"title_news":"","footnotes":""},"categories":[52],"tags":[],"class_list":["post-17418","post","type-post","status-publish","format-standard","has-post-thumbnail","hentry","category-non-classifiee"],"acf":[],"yoast_head":"<!-- This site is optimized with the Yoast SEO plugin v27.4 - https:\/\/yoast.com\/product\/yoast-seo-wordpress\/ -->\n<title>Apres plus de quatre ans, l&#039;International Hardware Fair EISENWARENMESSE - AR Shelving, metal shelving for DIY and trade<\/title>\n<meta name=\"robots\" content=\"index, follow, max-snippet:-1, max-image-preview:large, max-video-preview:-1\" \/>\n<link rel=\"canonical\" href=\"https:\/\/www.ar-shelving.com\/news\/eisenwarenmesse-2022\/\" \/>\n<meta property=\"og:locale\" content=\"fr_FR\" \/>\n<meta property=\"og:type\" content=\"article\" \/>\n<meta property=\"og:title\" content=\"Apres plus de quatre ans, l&#039;International Hardware Fair EISENWARENMESSE - AR Shelving, metal shelving for DIY and trade\" \/>\n<meta property=\"og:description\" content=\"Apr\u00e8s plus de quatre ans, en raison de la pand\u00e9mie, l\u2019International Hardware Fair 2022 Eisenwarenmesse a eu lieu \u00e0 Cologne. Cette ann\u00e9e, environ 1 400 exposants de 50 pays se sont r\u00e9unis, avec plus de 70 % de visiteurs \u00e9trangers. Nous avons demand\u00e9 \u00e0 notre Directeur Commercial, I\u00f1aki Bringas, quelles sensations et tendances nous pouvons [&hellip;]\" \/>\n<meta property=\"og:url\" content=\"https:\/\/www.ar-shelving.com\/news\/eisenwarenmesse-2022\/\" \/>\n<meta property=\"og:site_name\" content=\"AR Shelving, metal shelving for DIY and trade\" \/>\n<meta property=\"article:publisher\" content=\"https:\/\/www.facebook.com\/MetallicShelving\" \/>\n<meta property=\"article:published_time\" content=\"2023-01-19T17:03:58+00:00\" \/>\n<meta property=\"article:modified_time\" content=\"2024-05-02T11:21:40+00:00\" \/>\n<meta property=\"og:image\" content=\"https:\/\/www.ar-shelving.com\/wp-content\/uploads\/2023\/01\/ARShelving_Eisenwarenmesse-22-1.jpg\" \/>\n\t<meta property=\"og:image:width\" content=\"830\" \/>\n\t<meta property=\"og:image:height\" content=\"404\" \/>\n\t<meta property=\"og:image:type\" content=\"image\/jpeg\" \/>\n<meta name=\"author\" content=\"humberto\" \/>\n<meta name=\"twitter:card\" content=\"summary_large_image\" \/>\n<meta name=\"twitter:label1\" content=\"\u00c9crit par\" \/>\n\t<meta name=\"twitter:data1\" content=\"humberto\" \/>\n\t<meta name=\"twitter:label2\" content=\"Dur\u00e9e de lecture estim\u00e9e\" \/>\n\t<meta name=\"twitter:data2\" content=\"4 minutes\" \/>\n<script type=\"application\/ld+json\" class=\"yoast-schema-graph\">{\"@context\":\"https:\\\/\\\/schema.org\",\"@graph\":[{\"@type\":\"Article\",\"@id\":\"https:\\\/\\\/www.ar-shelving.com\\\/news\\\/eisenwarenmesse-2022\\\/#article\",\"isPartOf\":{\"@id\":\"https:\\\/\\\/www.ar-shelving.com\\\/news\\\/eisenwarenmesse-2022\\\/\"},\"author\":{\"name\":\"humberto\",\"@id\":\"https:\\\/\\\/www.ar-shelving.com\\\/#\\\/schema\\\/person\\\/f4169b1ec5ad76791670644dbede7a0a\"},\"headline\":\"Apres plus de quatre ans, l&#8217;International Hardware Fair EISENWARENMESSE\",\"datePublished\":\"2023-01-19T17:03:58+00:00\",\"dateModified\":\"2024-05-02T11:21:40+00:00\",\"mainEntityOfPage\":{\"@id\":\"https:\\\/\\\/www.ar-shelving.com\\\/news\\\/eisenwarenmesse-2022\\\/\"},\"wordCount\":753,\"publisher\":{\"@id\":\"https:\\\/\\\/www.ar-shelving.com\\\/#organization\"},\"image\":{\"@id\":\"https:\\\/\\\/www.ar-shelving.com\\\/news\\\/eisenwarenmesse-2022\\\/#primaryimage\"},\"thumbnailUrl\":\"https:\\\/\\\/www.ar-shelving.com\\\/wp-content\\\/uploads\\\/2023\\\/01\\\/ARShelving_Eisenwarenmesse-22-1.jpg\",\"articleSection\":[\"Non classifi\u00e9(e)\"],\"inLanguage\":\"fr-FR\"},{\"@type\":\"WebPage\",\"@id\":\"https:\\\/\\\/www.ar-shelving.com\\\/news\\\/eisenwarenmesse-2022\\\/\",\"url\":\"https:\\\/\\\/www.ar-shelving.com\\\/news\\\/eisenwarenmesse-2022\\\/\",\"name\":\"Apres plus de quatre ans, l'International Hardware Fair EISENWARENMESSE - AR Shelving, metal shelving for DIY and trade\",\"isPartOf\":{\"@id\":\"https:\\\/\\\/www.ar-shelving.com\\\/#website\"},\"primaryImageOfPage\":{\"@id\":\"https:\\\/\\\/www.ar-shelving.com\\\/news\\\/eisenwarenmesse-2022\\\/#primaryimage\"},\"image\":{\"@id\":\"https:\\\/\\\/www.ar-shelving.com\\\/news\\\/eisenwarenmesse-2022\\\/#primaryimage\"},\"thumbnailUrl\":\"https:\\\/\\\/www.ar-shelving.com\\\/wp-content\\\/uploads\\\/2023\\\/01\\\/ARShelving_Eisenwarenmesse-22-1.jpg\",\"datePublished\":\"2023-01-19T17:03:58+00:00\",\"dateModified\":\"2024-05-02T11:21:40+00:00\",\"inLanguage\":\"fr-FR\",\"potentialAction\":[{\"@type\":\"ReadAction\",\"target\":[\"https:\\\/\\\/www.ar-shelving.com\\\/news\\\/eisenwarenmesse-2022\\\/\"]}]},{\"@type\":\"ImageObject\",\"inLanguage\":\"fr-FR\",\"@id\":\"https:\\\/\\\/www.ar-shelving.com\\\/news\\\/eisenwarenmesse-2022\\\/#primaryimage\",\"url\":\"https:\\\/\\\/www.ar-shelving.com\\\/wp-content\\\/uploads\\\/2023\\\/01\\\/ARShelving_Eisenwarenmesse-22-1.jpg\",\"contentUrl\":\"https:\\\/\\\/www.ar-shelving.com\\\/wp-content\\\/uploads\\\/2023\\\/01\\\/ARShelving_Eisenwarenmesse-22-1.jpg\",\"width\":830,\"height\":404},{\"@type\":\"WebSite\",\"@id\":\"https:\\\/\\\/www.ar-shelving.com\\\/#website\",\"url\":\"https:\\\/\\\/www.ar-shelving.com\\\/\",\"name\":\"AR Shelving, metal shelving for DIY, trade and industries\",\"description\":\"metal shelving\",\"publisher\":{\"@id\":\"https:\\\/\\\/www.ar-shelving.com\\\/#organization\"},\"potentialAction\":[{\"@type\":\"SearchAction\",\"target\":{\"@type\":\"EntryPoint\",\"urlTemplate\":\"https:\\\/\\\/www.ar-shelving.com\\\/?s={search_term_string}\"},\"query-input\":{\"@type\":\"PropertyValueSpecification\",\"valueRequired\":true,\"valueName\":\"search_term_string\"}}],\"inLanguage\":\"fr-FR\"},{\"@type\":\"Organization\",\"@id\":\"https:\\\/\\\/www.ar-shelving.com\\\/#organization\",\"name\":\"AR Shelving S.A.\",\"url\":\"https:\\\/\\\/www.ar-shelving.com\\\/\",\"logo\":{\"@type\":\"ImageObject\",\"inLanguage\":\"fr-FR\",\"@id\":\"https:\\\/\\\/www.ar-shelving.com\\\/#\\\/schema\\\/logo\\\/image\\\/\",\"url\":\"https:\\\/\\\/www.ar-shelving.com\\\/wp-content\\\/uploads\\\/2022\\\/06\\\/Grupo-389.png\",\"contentUrl\":\"https:\\\/\\\/www.ar-shelving.com\\\/wp-content\\\/uploads\\\/2022\\\/06\\\/Grupo-389.png\",\"width\":251,\"height\":43,\"caption\":\"AR Shelving S.A.\"},\"image\":{\"@id\":\"https:\\\/\\\/www.ar-shelving.com\\\/#\\\/schema\\\/logo\\\/image\\\/\"},\"sameAs\":[\"https:\\\/\\\/www.facebook.com\\\/MetallicShelving\",\"https:\\\/\\\/www.linkedin.com\\\/company\\\/arshelving\\\/\",\"https:\\\/\\\/www.instagram.com\\\/ar_shelving\\\/\",\"https:\\\/\\\/www.youtube.com\\\/user\\\/ARstorage\",\"https:\\\/\\\/www.pinterest.es\\\/arshelving\\\/\"]},{\"@type\":\"Person\",\"@id\":\"https:\\\/\\\/www.ar-shelving.com\\\/#\\\/schema\\\/person\\\/f4169b1ec5ad76791670644dbede7a0a\",\"name\":\"humberto\",\"image\":{\"@type\":\"ImageObject\",\"inLanguage\":\"fr-FR\",\"@id\":\"https:\\\/\\\/secure.gravatar.com\\\/avatar\\\/32a83f42fd9eadc28720bb2217c2cbc0a3be8dfb8c4e424dae225e815390187d?s=96&d=mm&r=g\",\"url\":\"https:\\\/\\\/secure.gravatar.com\\\/avatar\\\/32a83f42fd9eadc28720bb2217c2cbc0a3be8dfb8c4e424dae225e815390187d?s=96&d=mm&r=g\",\"contentUrl\":\"https:\\\/\\\/secure.gravatar.com\\\/avatar\\\/32a83f42fd9eadc28720bb2217c2cbc0a3be8dfb8c4e424dae225e815390187d?s=96&d=mm&r=g\",\"caption\":\"humberto\"},\"sameAs\":[\"http:\\\/\\\/www.ar-shelving.com\"],\"url\":\"https:\\\/\\\/www.ar-shelving.com\\\/fr\\\/news\\\/author\\\/humberto\\\/\"}]}<\/script>\n<!-- \/ Yoast SEO plugin. -->","yoast_head_json":{"title":"Apres plus de quatre ans, l'International Hardware Fair EISENWARENMESSE - AR Shelving, metal shelving for DIY and trade","robots":{"index":"index","follow":"follow","max-snippet":"max-snippet:-1","max-image-preview":"max-image-preview:large","max-video-preview":"max-video-preview:-1"},"canonical":"https:\/\/www.ar-shelving.com\/news\/eisenwarenmesse-2022\/","og_locale":"fr_FR","og_type":"article","og_title":"Apres plus de quatre ans, l'International Hardware Fair EISENWARENMESSE - AR Shelving, metal shelving for DIY and trade","og_description":"Apr\u00e8s plus de quatre ans, en raison de la pand\u00e9mie, l\u2019International Hardware Fair 2022 Eisenwarenmesse a eu lieu \u00e0 Cologne. Cette ann\u00e9e, environ 1 400 exposants de 50 pays se sont r\u00e9unis, avec plus de 70 % de visiteurs \u00e9trangers. Nous avons demand\u00e9 \u00e0 notre Directeur Commercial, I\u00f1aki Bringas, quelles sensations et tendances nous pouvons [&hellip;]","og_url":"https:\/\/www.ar-shelving.com\/news\/eisenwarenmesse-2022\/","og_site_name":"AR Shelving, metal shelving for DIY and trade","article_publisher":"https:\/\/www.facebook.com\/MetallicShelving","article_published_time":"2023-01-19T17:03:58+00:00","article_modified_time":"2024-05-02T11:21:40+00:00","og_image":[{"width":830,"height":404,"url":"https:\/\/www.ar-shelving.com\/wp-content\/uploads\/2023\/01\/ARShelving_Eisenwarenmesse-22-1.jpg","type":"image\/jpeg"}],"author":"humberto","twitter_card":"summary_large_image","twitter_misc":{"\u00c9crit par":"humberto","Dur\u00e9e de lecture estim\u00e9e":"4 minutes"},"schema":{"@context":"https:\/\/schema.org","@graph":[{"@type":"Article","@id":"https:\/\/www.ar-shelving.com\/news\/eisenwarenmesse-2022\/#article","isPartOf":{"@id":"https:\/\/www.ar-shelving.com\/news\/eisenwarenmesse-2022\/"},"author":{"name":"humberto","@id":"https:\/\/www.ar-shelving.com\/#\/schema\/person\/f4169b1ec5ad76791670644dbede7a0a"},"headline":"Apres plus de quatre ans, l&#8217;International Hardware Fair EISENWARENMESSE","datePublished":"2023-01-19T17:03:58+00:00","dateModified":"2024-05-02T11:21:40+00:00","mainEntityOfPage":{"@id":"https:\/\/www.ar-shelving.com\/news\/eisenwarenmesse-2022\/"},"wordCount":753,"publisher":{"@id":"https:\/\/www.ar-shelving.com\/#organization"},"image":{"@id":"https:\/\/www.ar-shelving.com\/news\/eisenwarenmesse-2022\/#primaryimage"},"thumbnailUrl":"https:\/\/www.ar-shelving.com\/wp-content\/uploads\/2023\/01\/ARShelving_Eisenwarenmesse-22-1.jpg","articleSection":["Non classifi\u00e9(e)"],"inLanguage":"fr-FR"},{"@type":"WebPage","@id":"https:\/\/www.ar-shelving.com\/news\/eisenwarenmesse-2022\/","url":"https:\/\/www.ar-shelving.com\/news\/eisenwarenmesse-2022\/","name":"Apres plus de quatre ans, l'International Hardware Fair EISENWARENMESSE - AR Shelving, metal shelving for DIY and trade","isPartOf":{"@id":"https:\/\/www.ar-shelving.com\/#website"},"primaryImageOfPage":{"@id":"https:\/\/www.ar-shelving.com\/news\/eisenwarenmesse-2022\/#primaryimage"},"image":{"@id":"https:\/\/www.ar-shelving.com\/news\/eisenwarenmesse-2022\/#primaryimage"},"thumbnailUrl":"https:\/\/www.ar-shelving.com\/wp-content\/uploads\/2023\/01\/ARShelving_Eisenwarenmesse-22-1.jpg","datePublished":"2023-01-19T17:03:58+00:00","dateModified":"2024-05-02T11:21:40+00:00","inLanguage":"fr-FR","potentialAction":[{"@type":"ReadAction","target":["https:\/\/www.ar-shelving.com\/news\/eisenwarenmesse-2022\/"]}]},{"@type":"ImageObject","inLanguage":"fr-FR","@id":"https:\/\/www.ar-shelving.com\/news\/eisenwarenmesse-2022\/#primaryimage","url":"https:\/\/www.ar-shelving.com\/wp-content\/uploads\/2023\/01\/ARShelving_Eisenwarenmesse-22-1.jpg","contentUrl":"https:\/\/www.ar-shelving.com\/wp-content\/uploads\/2023\/01\/ARShelving_Eisenwarenmesse-22-1.jpg","width":830,"height":404},{"@type":"WebSite","@id":"https:\/\/www.ar-shelving.com\/#website","url":"https:\/\/www.ar-shelving.com\/","name":"AR Shelving, metal shelving for DIY, trade and industries","description":"metal shelving","publisher":{"@id":"https:\/\/www.ar-shelving.com\/#organization"},"potentialAction":[{"@type":"SearchAction","target":{"@type":"EntryPoint","urlTemplate":"https:\/\/www.ar-shelving.com\/?s={search_term_string}"},"query-input":{"@type":"PropertyValueSpecification","valueRequired":true,"valueName":"search_term_string"}}],"inLanguage":"fr-FR"},{"@type":"Organization","@id":"https:\/\/www.ar-shelving.com\/#organization","name":"AR Shelving S.A.","url":"https:\/\/www.ar-shelving.com\/","logo":{"@type":"ImageObject","inLanguage":"fr-FR","@id":"https:\/\/www.ar-shelving.com\/#\/schema\/logo\/image\/","url":"https:\/\/www.ar-shelving.com\/wp-content\/uploads\/2022\/06\/Grupo-389.png","contentUrl":"https:\/\/www.ar-shelving.com\/wp-content\/uploads\/2022\/06\/Grupo-389.png","width":251,"height":43,"caption":"AR Shelving S.A."},"image":{"@id":"https:\/\/www.ar-shelving.com\/#\/schema\/logo\/image\/"},"sameAs":["https:\/\/www.facebook.com\/MetallicShelving","https:\/\/www.linkedin.com\/company\/arshelving\/","https:\/\/www.instagram.com\/ar_shelving\/","https:\/\/www.youtube.com\/user\/ARstorage","https:\/\/www.pinterest.es\/arshelving\/"]},{"@type":"Person","@id":"https:\/\/www.ar-shelving.com\/#\/schema\/person\/f4169b1ec5ad76791670644dbede7a0a","name":"humberto","image":{"@type":"ImageObject","inLanguage":"fr-FR","@id":"https:\/\/secure.gravatar.com\/avatar\/32a83f42fd9eadc28720bb2217c2cbc0a3be8dfb8c4e424dae225e815390187d?s=96&d=mm&r=g","url":"https:\/\/secure.gravatar.com\/avatar\/32a83f42fd9eadc28720bb2217c2cbc0a3be8dfb8c4e424dae225e815390187d?s=96&d=mm&r=g","contentUrl":"https:\/\/secure.gravatar.com\/avatar\/32a83f42fd9eadc28720bb2217c2cbc0a3be8dfb8c4e424dae225e815390187d?s=96&d=mm&r=g","caption":"humberto"},"sameAs":["http:\/\/www.ar-shelving.com"],"url":"https:\/\/www.ar-shelving.com\/fr\/news\/author\/humberto\/"}]}},"_links":{"self":[{"href":"https:\/\/www.ar-shelving.com\/fr\/wp-json\/wp\/v2\/posts\/17418","targetHints":{"allow":["GET"]}}],"collection":[{"href":"https:\/\/www.ar-shelving.com\/fr\/wp-json\/wp\/v2\/posts"}],"about":[{"href":"https:\/\/www.ar-shelving.com\/fr\/wp-json\/wp\/v2\/types\/post"}],"author":[{"embeddable":true,"href":"https:\/\/www.ar-shelving.com\/fr\/wp-json\/wp\/v2\/users\/1"}],"replies":[{"embeddable":true,"href":"https:\/\/www.ar-shelving.com\/fr\/wp-json\/wp\/v2\/comments?post=17418"}],"version-history":[{"count":0,"href":"https:\/\/www.ar-shelving.com\/fr\/wp-json\/wp\/v2\/posts\/17418\/revisions"}],"wp:featuredmedia":[{"embeddable":true,"href":"https:\/\/www.ar-shelving.com\/fr\/wp-json\/wp\/v2\/media\/17249"}],"wp:attachment":[{"href":"https:\/\/www.ar-shelving.com\/fr\/wp-json\/wp\/v2\/media?parent=17418"}],"wp:term":[{"taxonomy":"category","embeddable":true,"href":"https:\/\/www.ar-shelving.com\/fr\/wp-json\/wp\/v2\/categories?post=17418"},{"taxonomy":"post_tag","embeddable":true,"href":"https:\/\/www.ar-shelving.com\/fr\/wp-json\/wp\/v2\/tags?post=17418"}],"curies":[{"name":"wp","href":"https:\/\/api.w.org\/{rel}","templated":true}]}}