{"id":33107,"date":"2026-04-27T10:48:50","date_gmt":"2026-04-27T08:48:50","guid":{"rendered":"https:\/\/www.ar-shelving.com\/news\/ar-shelving-obtiene-el-sello-calculo-del-miteco-y-refuerza-su-compromiso-con-la-descarbonizacion\/"},"modified":"2026-04-27T12:49:41","modified_gmt":"2026-04-27T10:49:41","slug":"ar-shelving-obtient-le-label-calculo-du-miteco-en-faveur-de-la-decarbonation","status":"publish","type":"post","link":"https:\/\/www.ar-shelving.com\/fr\/news\/ar-shelving-obtient-le-label-calculo-du-miteco-en-faveur-de-la-decarbonation\/","title":{"rendered":"AR Shelving obtient le label CALCULO du MITECO et renforce son engagement en faveur de la d\u00e9carbonation"},"content":{"rendered":"<p><strong>AR Shelving a obtenu le label CALCULO du Minist\u00e8re espagnol de la Transition \u00e9cologique et du D\u00e9fi d\u00e9mographique (MITECO) sur son site de Galdakao (Bizkaia). Cette reconnaissance officielle atteste de la mesure rigoureuse de son empreinte carbone ainsi que de son engagement en faveur de la durabilit\u00e9 et de la transparence climatique. Le label couvre les ann\u00e9es 2022, 2023 et 2024 et a \u00e9t\u00e9 attribu\u00e9 par l\u2019Office espagnol du changement climatique (OECC).<\/strong><\/p>\n<p>Cette reconnaissance repr\u00e9sente <strong>une nouvelle \u00e9tape tangible et v\u00e9rifiable<\/strong> dans la trajectoire de d\u00e9carbonation promue par le <strong>Groupe Arania<\/strong>, positionnant AR Shelving comme l\u2019une des entreprises motrices de la strat\u00e9gie climatique du Groupe.<\/p>\n<p><strong>Un engagement r\u00e9el, mesurable et v\u00e9rifiable<\/strong><\/p>\n<p>Le label CALCULO certifie qu\u2019AR Shelving <strong>mesure et d\u00e9clare rigoureusement ses \u00e9missions de gaz \u00e0 effet de serre<\/strong>, conform\u00e9ment \u00e0 des m\u00e9thodologies internationalement reconnues telles que le <strong>GHG Protocol<\/strong> ou la norme <strong>ISO 14064-1<\/strong>, avec une v\u00e9rification externe par un tiers.<\/p>\n<p>Bien que le registre exige au minimum le calcul des <strong>\u00e9missions de scopes 1 et 2<\/strong>, AR Shelving est all\u00e9e plus loin en travaillant \u00e9galement sur le <strong>scope 3<\/strong>, qui repr\u00e9sente la part la plus importante des \u00e9missions. Bien que non obligatoire, ce calcul constitue un engagement suppl\u00e9mentaire au-del\u00e0 des exigences r\u00e9glementaires.<\/p>\n<p>De plus, l\u2019entreprise a r\u00e9alis\u00e9 le calcul de son empreinte carbone sur <strong>trois ann\u00e9es cons\u00e9cutives et sur l\u2019ensemble des trois scopes<\/strong>, confirmant ainsi son haut niveau d\u2019engagement, en anticipant les exigences r\u00e9glementaires et en posant une base solide pour de futures r\u00e9ductions.<\/p>\n<p><strong>Alignement avec la strat\u00e9gie du Groupe Arania<\/strong><\/p>\n<p>L\u2019obtention du label CALCULO s\u2019inscrit pleinement dans le <strong>Plan de d\u00e9carbonation du Groupe Arania<\/strong>, car elle permet :<\/p>\n<ul>\n<li><span style=\"font-size: 16px;\">D\u2019\u00e9tablir une <strong>ligne de r\u00e9f\u00e9rence commune<\/strong> pour la mesure des \u00e9missions.<\/span><\/li>\n<li><span style=\"font-size: 16px;\">De faciliter la <strong>prise de d\u00e9cision bas\u00e9e sur les donn\u00e9es<\/strong>.<\/span><\/li>\n<li><span style=\"font-size: 16px;\">De renforcer la <strong>transparence climatique<\/strong>, de plus en plus demand\u00e9e par les clients, les investisseurs et les r\u00e9gulateurs.<\/span><\/li>\n<\/ul>\n<p>Le Groupe \u0153uvre \u00e0 la mise en place d\u2019une <strong>approche harmonis\u00e9e<\/strong> entre ses entreprises, en partageant crit\u00e8res, apprentissages et bonnes pratiques en mati\u00e8re de durabilit\u00e9.<\/p>\n<p><strong>Prochaines \u00e9tapes : vers la r\u00e9duction et la compensation<\/strong><\/p>\n<p>Le registre du MITECO suit une progression claire : <strong>CALCULO \u2192 REDUZCO \u2192 COMPENSO<\/strong>.<\/p>\n<p>\u00c0 la suite de cette \u00e9tape, le prochain objectif d\u2019AR Shelving est d\u2019avancer vers le label <strong>REDUZCO<\/strong>, qui atteste de r\u00e9ductions r\u00e9elles et v\u00e9rifi\u00e9es des \u00e9missions et n\u00e9cessite au moins <strong>quatre ann\u00e9es cons\u00e9cutives de donn\u00e9es<\/strong>. \u00c0 cette fin, l\u2019entreprise se concentrera sur l\u2019obtention du label \u00e0 partir de la <strong>mesure de l\u2019ann\u00e9e 2025<\/strong>, compl\u00e9tant ainsi quatre ann\u00e9es cons\u00e9cutives de calcul.<\/p>\n<p>Cette d\u00e9marche permettra \u00e0 AR Shelving de continuer \u00e0 \u00e9voluer vers un <strong>mod\u00e8le industriel plus efficace et bas carbone<\/strong>, tout en proposant \u00e0 ses clients des <strong>produits \u00e0 plus faible impact environnemental<\/strong>, cr\u00e9ant ainsi de la valeur sur l\u2019ensemble de la cha\u00eene.<\/p>\n","protected":false},"excerpt":{"rendered":"<p>AR Shelving a obtenu le label CALCULO du Minist\u00e8re espagnol de la Transition \u00e9cologique et du D\u00e9fi d\u00e9mographique (MITECO) sur son site de Galdakao (Bizkaia). Cette reconnaissance officielle atteste de la mesure rigoureuse de son empreinte carbone ainsi que de son engagement en faveur de la durabilit\u00e9 et de la transparence climatique. Le label couvre [&hellip;]<\/p>\n","protected":false},"author":2,"featured_media":33097,"comment_status":"closed","ping_status":"open","sticky":false,"template":"wpb-single-post.php","format":"standard","meta":{"_acf_changed":false,"_monsterinsights_skip_tracking":false,"_monsterinsights_sitenote_active":false,"_monsterinsights_sitenote_note":"","_monsterinsights_sitenote_category":0,"_uf_show_specific_survey":0,"_uf_disable_surveys":false,"title_news":"","footnotes":""},"categories":[190,201],"tags":[],"class_list":["post-33107","post","type-post","status-publish","format-standard","has-post-thumbnail","hentry","category-certificats","category-entreprise"],"acf":[],"yoast_head":"<!-- This site is optimized with the Yoast SEO plugin v27.4 - https:\/\/yoast.com\/product\/yoast-seo-wordpress\/ -->\n<title>AR Shelving | Label CALCULO en faveur de la d\u00e9carbonation<\/title>\n<meta name=\"description\" content=\"AR Shelving a obtenu le label CALCULO du Minist\u00e8re espagnol de la Transition \u00e9cologique et du D\u00e9fi d\u00e9mographique (MITECO) sur son site de Galdakao\" \/>\n<meta name=\"robots\" content=\"index, follow, max-snippet:-1, max-image-preview:large, max-video-preview:-1\" \/>\n<link rel=\"canonical\" href=\"https:\/\/www.ar-shelving.com\/fr\/news\/ar-shelving-obtient-le-label-calculo-du-miteco-en-faveur-de-la-decarbonation\/\" \/>\n<meta property=\"og:locale\" content=\"fr_FR\" \/>\n<meta property=\"og:type\" content=\"article\" \/>\n<meta property=\"og:title\" content=\"AR Shelving | Label CALCULO en faveur de la d\u00e9carbonation\" \/>\n<meta property=\"og:description\" content=\"AR Shelving a obtenu le label CALCULO du Minist\u00e8re espagnol de la Transition \u00e9cologique et du D\u00e9fi d\u00e9mographique (MITECO) sur son site de Galdakao\" \/>\n<meta property=\"og:url\" content=\"https:\/\/www.ar-shelving.com\/fr\/news\/ar-shelving-obtient-le-label-calculo-du-miteco-en-faveur-de-la-decarbonation\/\" \/>\n<meta property=\"og:site_name\" content=\"AR Shelving, metal shelving for DIY and trade\" \/>\n<meta property=\"article:publisher\" content=\"https:\/\/www.facebook.com\/MetallicShelving\" \/>\n<meta property=\"article:published_time\" content=\"2026-04-27T08:48:50+00:00\" \/>\n<meta property=\"article:modified_time\" content=\"2026-04-27T10:49:41+00:00\" \/>\n<meta property=\"og:image\" content=\"https:\/\/www.ar-shelving.com\/wp-content\/uploads\/2026\/04\/Sello_Miteco_calculo.jpg\" \/>\n\t<meta property=\"og:image:width\" content=\"830\" \/>\n\t<meta property=\"og:image:height\" content=\"404\" \/>\n\t<meta property=\"og:image:type\" content=\"image\/jpeg\" \/>\n<meta name=\"author\" content=\"Katrin AR\" \/>\n<meta name=\"twitter:card\" content=\"summary_large_image\" \/>\n<meta name=\"twitter:label1\" content=\"\u00c9crit par\" \/>\n\t<meta name=\"twitter:data1\" content=\"Katrin AR\" \/>\n\t<meta name=\"twitter:label2\" content=\"Dur\u00e9e de lecture estim\u00e9e\" \/>\n\t<meta name=\"twitter:data2\" content=\"3 minutes\" \/>\n<script type=\"application\/ld+json\" class=\"yoast-schema-graph\">{\"@context\":\"https:\\\/\\\/schema.org\",\"@graph\":[{\"@type\":\"Article\",\"@id\":\"https:\\\/\\\/www.ar-shelving.com\\\/fr\\\/news\\\/ar-shelving-obtient-le-label-calculo-du-miteco-en-faveur-de-la-decarbonation\\\/#article\",\"isPartOf\":{\"@id\":\"https:\\\/\\\/www.ar-shelving.com\\\/fr\\\/news\\\/ar-shelving-obtient-le-label-calculo-du-miteco-en-faveur-de-la-decarbonation\\\/\"},\"author\":{\"name\":\"Katrin AR\",\"@id\":\"https:\\\/\\\/www.ar-shelving.com\\\/#\\\/schema\\\/person\\\/84f8f0f7e62d3cc6dd6feb2765d598c3\"},\"headline\":\"AR Shelving obtient le label CALCULO du MITECO et renforce son engagement en faveur de la d\u00e9carbonation\",\"datePublished\":\"2026-04-27T08:48:50+00:00\",\"dateModified\":\"2026-04-27T10:49:41+00:00\",\"mainEntityOfPage\":{\"@id\":\"https:\\\/\\\/www.ar-shelving.com\\\/fr\\\/news\\\/ar-shelving-obtient-le-label-calculo-du-miteco-en-faveur-de-la-decarbonation\\\/\"},\"wordCount\":524,\"publisher\":{\"@id\":\"https:\\\/\\\/www.ar-shelving.com\\\/#organization\"},\"image\":{\"@id\":\"https:\\\/\\\/www.ar-shelving.com\\\/fr\\\/news\\\/ar-shelving-obtient-le-label-calculo-du-miteco-en-faveur-de-la-decarbonation\\\/#primaryimage\"},\"thumbnailUrl\":\"https:\\\/\\\/www.ar-shelving.com\\\/wp-content\\\/uploads\\\/2026\\\/04\\\/Sello_Miteco_calculo.jpg\",\"articleSection\":[\"Certificats\",\"Entreprise\"],\"inLanguage\":\"fr-FR\"},{\"@type\":\"WebPage\",\"@id\":\"https:\\\/\\\/www.ar-shelving.com\\\/fr\\\/news\\\/ar-shelving-obtient-le-label-calculo-du-miteco-en-faveur-de-la-decarbonation\\\/\",\"url\":\"https:\\\/\\\/www.ar-shelving.com\\\/fr\\\/news\\\/ar-shelving-obtient-le-label-calculo-du-miteco-en-faveur-de-la-decarbonation\\\/\",\"name\":\"AR Shelving | Label CALCULO en faveur de la d\u00e9carbonation\",\"isPartOf\":{\"@id\":\"https:\\\/\\\/www.ar-shelving.com\\\/#website\"},\"primaryImageOfPage\":{\"@id\":\"https:\\\/\\\/www.ar-shelving.com\\\/fr\\\/news\\\/ar-shelving-obtient-le-label-calculo-du-miteco-en-faveur-de-la-decarbonation\\\/#primaryimage\"},\"image\":{\"@id\":\"https:\\\/\\\/www.ar-shelving.com\\\/fr\\\/news\\\/ar-shelving-obtient-le-label-calculo-du-miteco-en-faveur-de-la-decarbonation\\\/#primaryimage\"},\"thumbnailUrl\":\"https:\\\/\\\/www.ar-shelving.com\\\/wp-content\\\/uploads\\\/2026\\\/04\\\/Sello_Miteco_calculo.jpg\",\"datePublished\":\"2026-04-27T08:48:50+00:00\",\"dateModified\":\"2026-04-27T10:49:41+00:00\",\"description\":\"AR Shelving a obtenu le label CALCULO du Minist\u00e8re espagnol de la Transition \u00e9cologique et du D\u00e9fi d\u00e9mographique (MITECO) sur son site de Galdakao\",\"inLanguage\":\"fr-FR\",\"potentialAction\":[{\"@type\":\"ReadAction\",\"target\":[\"https:\\\/\\\/www.ar-shelving.com\\\/fr\\\/news\\\/ar-shelving-obtient-le-label-calculo-du-miteco-en-faveur-de-la-decarbonation\\\/\"]}]},{\"@type\":\"ImageObject\",\"inLanguage\":\"fr-FR\",\"@id\":\"https:\\\/\\\/www.ar-shelving.com\\\/fr\\\/news\\\/ar-shelving-obtient-le-label-calculo-du-miteco-en-faveur-de-la-decarbonation\\\/#primaryimage\",\"url\":\"https:\\\/\\\/www.ar-shelving.com\\\/wp-content\\\/uploads\\\/2026\\\/04\\\/Sello_Miteco_calculo.jpg\",\"contentUrl\":\"https:\\\/\\\/www.ar-shelving.com\\\/wp-content\\\/uploads\\\/2026\\\/04\\\/Sello_Miteco_calculo.jpg\",\"width\":830,\"height\":404,\"caption\":\"Sello CALCULO -MITECO\"},{\"@type\":\"WebSite\",\"@id\":\"https:\\\/\\\/www.ar-shelving.com\\\/#website\",\"url\":\"https:\\\/\\\/www.ar-shelving.com\\\/\",\"name\":\"AR Shelving, metal shelving for DIY, trade and industries\",\"description\":\"metal shelving\",\"publisher\":{\"@id\":\"https:\\\/\\\/www.ar-shelving.com\\\/#organization\"},\"potentialAction\":[{\"@type\":\"SearchAction\",\"target\":{\"@type\":\"EntryPoint\",\"urlTemplate\":\"https:\\\/\\\/www.ar-shelving.com\\\/?s={search_term_string}\"},\"query-input\":{\"@type\":\"PropertyValueSpecification\",\"valueRequired\":true,\"valueName\":\"search_term_string\"}}],\"inLanguage\":\"fr-FR\"},{\"@type\":\"Organization\",\"@id\":\"https:\\\/\\\/www.ar-shelving.com\\\/#organization\",\"name\":\"AR Shelving S.A.\",\"url\":\"https:\\\/\\\/www.ar-shelving.com\\\/\",\"logo\":{\"@type\":\"ImageObject\",\"inLanguage\":\"fr-FR\",\"@id\":\"https:\\\/\\\/www.ar-shelving.com\\\/#\\\/schema\\\/logo\\\/image\\\/\",\"url\":\"https:\\\/\\\/www.ar-shelving.com\\\/wp-content\\\/uploads\\\/2022\\\/06\\\/Grupo-389.png\",\"contentUrl\":\"https:\\\/\\\/www.ar-shelving.com\\\/wp-content\\\/uploads\\\/2022\\\/06\\\/Grupo-389.png\",\"width\":251,\"height\":43,\"caption\":\"AR Shelving S.A.\"},\"image\":{\"@id\":\"https:\\\/\\\/www.ar-shelving.com\\\/#\\\/schema\\\/logo\\\/image\\\/\"},\"sameAs\":[\"https:\\\/\\\/www.facebook.com\\\/MetallicShelving\",\"https:\\\/\\\/www.linkedin.com\\\/company\\\/arshelving\\\/\",\"https:\\\/\\\/www.instagram.com\\\/ar_shelving\\\/\",\"https:\\\/\\\/www.youtube.com\\\/user\\\/ARstorage\",\"https:\\\/\\\/www.pinterest.es\\\/arshelving\\\/\"]},{\"@type\":\"Person\",\"@id\":\"https:\\\/\\\/www.ar-shelving.com\\\/#\\\/schema\\\/person\\\/84f8f0f7e62d3cc6dd6feb2765d598c3\",\"name\":\"Katrin AR\",\"image\":{\"@type\":\"ImageObject\",\"inLanguage\":\"fr-FR\",\"@id\":\"https:\\\/\\\/secure.gravatar.com\\\/avatar\\\/a8194afd4faba691481252ad29ac90d6d9919ca9e5335dcc34b664e95bda0645?s=96&d=mm&r=g\",\"url\":\"https:\\\/\\\/secure.gravatar.com\\\/avatar\\\/a8194afd4faba691481252ad29ac90d6d9919ca9e5335dcc34b664e95bda0645?s=96&d=mm&r=g\",\"contentUrl\":\"https:\\\/\\\/secure.gravatar.com\\\/avatar\\\/a8194afd4faba691481252ad29ac90d6d9919ca9e5335dcc34b664e95bda0645?s=96&d=mm&r=g\",\"caption\":\"Katrin AR\"},\"url\":\"https:\\\/\\\/www.ar-shelving.com\\\/fr\\\/news\\\/author\\\/katrin\\\/\"}]}<\/script>\n<!-- \/ Yoast SEO plugin. -->","yoast_head_json":{"title":"AR Shelving | Label CALCULO en faveur de la d\u00e9carbonation","description":"AR Shelving a obtenu le label CALCULO du Minist\u00e8re espagnol de la Transition \u00e9cologique et du D\u00e9fi d\u00e9mographique (MITECO) sur son site de Galdakao","robots":{"index":"index","follow":"follow","max-snippet":"max-snippet:-1","max-image-preview":"max-image-preview:large","max-video-preview":"max-video-preview:-1"},"canonical":"https:\/\/www.ar-shelving.com\/fr\/news\/ar-shelving-obtient-le-label-calculo-du-miteco-en-faveur-de-la-decarbonation\/","og_locale":"fr_FR","og_type":"article","og_title":"AR Shelving | Label CALCULO en faveur de la d\u00e9carbonation","og_description":"AR Shelving a obtenu le label CALCULO du Minist\u00e8re espagnol de la Transition \u00e9cologique et du D\u00e9fi d\u00e9mographique (MITECO) sur son site de Galdakao","og_url":"https:\/\/www.ar-shelving.com\/fr\/news\/ar-shelving-obtient-le-label-calculo-du-miteco-en-faveur-de-la-decarbonation\/","og_site_name":"AR Shelving, metal shelving for DIY and trade","article_publisher":"https:\/\/www.facebook.com\/MetallicShelving","article_published_time":"2026-04-27T08:48:50+00:00","article_modified_time":"2026-04-27T10:49:41+00:00","og_image":[{"width":830,"height":404,"url":"https:\/\/www.ar-shelving.com\/wp-content\/uploads\/2026\/04\/Sello_Miteco_calculo.jpg","type":"image\/jpeg"}],"author":"Katrin AR","twitter_card":"summary_large_image","twitter_misc":{"\u00c9crit par":"Katrin AR","Dur\u00e9e de lecture estim\u00e9e":"3 minutes"},"schema":{"@context":"https:\/\/schema.org","@graph":[{"@type":"Article","@id":"https:\/\/www.ar-shelving.com\/fr\/news\/ar-shelving-obtient-le-label-calculo-du-miteco-en-faveur-de-la-decarbonation\/#article","isPartOf":{"@id":"https:\/\/www.ar-shelving.com\/fr\/news\/ar-shelving-obtient-le-label-calculo-du-miteco-en-faveur-de-la-decarbonation\/"},"author":{"name":"Katrin AR","@id":"https:\/\/www.ar-shelving.com\/#\/schema\/person\/84f8f0f7e62d3cc6dd6feb2765d598c3"},"headline":"AR Shelving obtient le label CALCULO du MITECO et renforce son engagement en faveur de la d\u00e9carbonation","datePublished":"2026-04-27T08:48:50+00:00","dateModified":"2026-04-27T10:49:41+00:00","mainEntityOfPage":{"@id":"https:\/\/www.ar-shelving.com\/fr\/news\/ar-shelving-obtient-le-label-calculo-du-miteco-en-faveur-de-la-decarbonation\/"},"wordCount":524,"publisher":{"@id":"https:\/\/www.ar-shelving.com\/#organization"},"image":{"@id":"https:\/\/www.ar-shelving.com\/fr\/news\/ar-shelving-obtient-le-label-calculo-du-miteco-en-faveur-de-la-decarbonation\/#primaryimage"},"thumbnailUrl":"https:\/\/www.ar-shelving.com\/wp-content\/uploads\/2026\/04\/Sello_Miteco_calculo.jpg","articleSection":["Certificats","Entreprise"],"inLanguage":"fr-FR"},{"@type":"WebPage","@id":"https:\/\/www.ar-shelving.com\/fr\/news\/ar-shelving-obtient-le-label-calculo-du-miteco-en-faveur-de-la-decarbonation\/","url":"https:\/\/www.ar-shelving.com\/fr\/news\/ar-shelving-obtient-le-label-calculo-du-miteco-en-faveur-de-la-decarbonation\/","name":"AR Shelving | Label CALCULO en faveur de la d\u00e9carbonation","isPartOf":{"@id":"https:\/\/www.ar-shelving.com\/#website"},"primaryImageOfPage":{"@id":"https:\/\/www.ar-shelving.com\/fr\/news\/ar-shelving-obtient-le-label-calculo-du-miteco-en-faveur-de-la-decarbonation\/#primaryimage"},"image":{"@id":"https:\/\/www.ar-shelving.com\/fr\/news\/ar-shelving-obtient-le-label-calculo-du-miteco-en-faveur-de-la-decarbonation\/#primaryimage"},"thumbnailUrl":"https:\/\/www.ar-shelving.com\/wp-content\/uploads\/2026\/04\/Sello_Miteco_calculo.jpg","datePublished":"2026-04-27T08:48:50+00:00","dateModified":"2026-04-27T10:49:41+00:00","description":"AR Shelving a obtenu le label CALCULO du Minist\u00e8re espagnol de la Transition \u00e9cologique et du D\u00e9fi d\u00e9mographique (MITECO) sur son site de Galdakao","inLanguage":"fr-FR","potentialAction":[{"@type":"ReadAction","target":["https:\/\/www.ar-shelving.com\/fr\/news\/ar-shelving-obtient-le-label-calculo-du-miteco-en-faveur-de-la-decarbonation\/"]}]},{"@type":"ImageObject","inLanguage":"fr-FR","@id":"https:\/\/www.ar-shelving.com\/fr\/news\/ar-shelving-obtient-le-label-calculo-du-miteco-en-faveur-de-la-decarbonation\/#primaryimage","url":"https:\/\/www.ar-shelving.com\/wp-content\/uploads\/2026\/04\/Sello_Miteco_calculo.jpg","contentUrl":"https:\/\/www.ar-shelving.com\/wp-content\/uploads\/2026\/04\/Sello_Miteco_calculo.jpg","width":830,"height":404,"caption":"Sello CALCULO -MITECO"},{"@type":"WebSite","@id":"https:\/\/www.ar-shelving.com\/#website","url":"https:\/\/www.ar-shelving.com\/","name":"AR Shelving, metal shelving for DIY, trade and industries","description":"metal shelving","publisher":{"@id":"https:\/\/www.ar-shelving.com\/#organization"},"potentialAction":[{"@type":"SearchAction","target":{"@type":"EntryPoint","urlTemplate":"https:\/\/www.ar-shelving.com\/?s={search_term_string}"},"query-input":{"@type":"PropertyValueSpecification","valueRequired":true,"valueName":"search_term_string"}}],"inLanguage":"fr-FR"},{"@type":"Organization","@id":"https:\/\/www.ar-shelving.com\/#organization","name":"AR Shelving S.A.","url":"https:\/\/www.ar-shelving.com\/","logo":{"@type":"ImageObject","inLanguage":"fr-FR","@id":"https:\/\/www.ar-shelving.com\/#\/schema\/logo\/image\/","url":"https:\/\/www.ar-shelving.com\/wp-content\/uploads\/2022\/06\/Grupo-389.png","contentUrl":"https:\/\/www.ar-shelving.com\/wp-content\/uploads\/2022\/06\/Grupo-389.png","width":251,"height":43,"caption":"AR Shelving S.A."},"image":{"@id":"https:\/\/www.ar-shelving.com\/#\/schema\/logo\/image\/"},"sameAs":["https:\/\/www.facebook.com\/MetallicShelving","https:\/\/www.linkedin.com\/company\/arshelving\/","https:\/\/www.instagram.com\/ar_shelving\/","https:\/\/www.youtube.com\/user\/ARstorage","https:\/\/www.pinterest.es\/arshelving\/"]},{"@type":"Person","@id":"https:\/\/www.ar-shelving.com\/#\/schema\/person\/84f8f0f7e62d3cc6dd6feb2765d598c3","name":"Katrin AR","image":{"@type":"ImageObject","inLanguage":"fr-FR","@id":"https:\/\/secure.gravatar.com\/avatar\/a8194afd4faba691481252ad29ac90d6d9919ca9e5335dcc34b664e95bda0645?s=96&d=mm&r=g","url":"https:\/\/secure.gravatar.com\/avatar\/a8194afd4faba691481252ad29ac90d6d9919ca9e5335dcc34b664e95bda0645?s=96&d=mm&r=g","contentUrl":"https:\/\/secure.gravatar.com\/avatar\/a8194afd4faba691481252ad29ac90d6d9919ca9e5335dcc34b664e95bda0645?s=96&d=mm&r=g","caption":"Katrin AR"},"url":"https:\/\/www.ar-shelving.com\/fr\/news\/author\/katrin\/"}]}},"_links":{"self":[{"href":"https:\/\/www.ar-shelving.com\/fr\/wp-json\/wp\/v2\/posts\/33107","targetHints":{"allow":["GET"]}}],"collection":[{"href":"https:\/\/www.ar-shelving.com\/fr\/wp-json\/wp\/v2\/posts"}],"about":[{"href":"https:\/\/www.ar-shelving.com\/fr\/wp-json\/wp\/v2\/types\/post"}],"author":[{"embeddable":true,"href":"https:\/\/www.ar-shelving.com\/fr\/wp-json\/wp\/v2\/users\/2"}],"replies":[{"embeddable":true,"href":"https:\/\/www.ar-shelving.com\/fr\/wp-json\/wp\/v2\/comments?post=33107"}],"version-history":[{"count":4,"href":"https:\/\/www.ar-shelving.com\/fr\/wp-json\/wp\/v2\/posts\/33107\/revisions"}],"predecessor-version":[{"id":33117,"href":"https:\/\/www.ar-shelving.com\/fr\/wp-json\/wp\/v2\/posts\/33107\/revisions\/33117"}],"wp:featuredmedia":[{"embeddable":true,"href":"https:\/\/www.ar-shelving.com\/fr\/wp-json\/wp\/v2\/media\/33097"}],"wp:attachment":[{"href":"https:\/\/www.ar-shelving.com\/fr\/wp-json\/wp\/v2\/media?parent=33107"}],"wp:term":[{"taxonomy":"category","embeddable":true,"href":"https:\/\/www.ar-shelving.com\/fr\/wp-json\/wp\/v2\/categories?post=33107"},{"taxonomy":"post_tag","embeddable":true,"href":"https:\/\/www.ar-shelving.com\/fr\/wp-json\/wp\/v2\/tags?post=33107"}],"curies":[{"name":"wp","href":"https:\/\/api.w.org\/{rel}","templated":true}]}}