{"id":33118,"date":"2026-04-27T10:48:50","date_gmt":"2026-04-27T08:48:50","guid":{"rendered":"https:\/\/www.ar-shelving.com\/news\/ar-shelving-obtiene-el-sello-calculo-del-miteco-y-refuerza-su-compromiso-con-la-descarbonizacion\/"},"modified":"2026-04-27T10:48:50","modified_gmt":"2026-04-27T08:48:50","slug":"ar-shelving-obtiene-el-sello-calculo-del-miteco-y-refuerza-su-compromiso-con-la-descarbonizacion","status":"publish","type":"post","link":"https:\/\/www.ar-shelving.com\/fr\/news\/ar-shelving-obtiene-el-sello-calculo-del-miteco-y-refuerza-su-compromiso-con-la-descarbonizacion\/","title":{"rendered":"AR Shelving obtiene el sello CALCULO del MITECO y refuerza su compromiso con la descarbonizaci\u00f3n"},"content":{"rendered":"<p><strong>AR Shelving ha obtenido el sello CALCULO del Ministerio para la Transici\u00f3n Ecol\u00f3gica y el Reto Demogr\u00e1fico (MITECO), en su planta de Galdakao, Bizkaia. Un reconocimiento oficial que acredita la medici\u00f3n rigurosa de su huella de carbono y su compromiso con la sostenibilidad y la transparencia clim\u00e1tica. El sello corresponde a los a\u00f1os 2022, 2023 y 2024, y ha sido concedido por la Oficina Espa\u00f1ola de Cambio Clim\u00e1tico (OECC). <\/strong><\/p>\n<p>Este reconocimiento supone un<strong> paso m\u00e1s tangible y verificable<\/strong> dentro del itinerario de descarbonizaci\u00f3n impulsado por el Grupo Arania, y posiciona a AR Shelving como una de las compa\u00f1\u00edas tractoras en la estrategia clim\u00e1tica del Grupo.<\/p>\n<p><strong>Un compromiso real, medible y verificable<\/strong><\/p>\n<p>El sello CALCULO certifica que AR Shelving <strong>mide y registra de forma rigurosa sus emisiones de gases de efecto invernadero<\/strong>, siguiendo metodolog\u00edas reconocidas como el <strong>GHG Protocol o la norma ISO 14064-1<\/strong>, con verificaci\u00f3n externa de terceros.<br \/>\nAunque el registro exige como m\u00ednimo el c\u00e1lculo de los <strong>alcances 1 y 2<\/strong>, AR Shelving ha ido m\u00e1s all\u00e1 al <strong>trabajar tambi\u00e9n el alcance 3<\/strong>, que concentra el mayor peso de las emisiones, aun no siendo obligatorio, este c\u00e1lculo representa un compromiso adicional respecto al m\u00ednimo exigido.<\/p>\n<p>Adem\u00e1s, la compa\u00f1\u00eda ha realizado el c\u00e1lculo durante <strong>tres a\u00f1os consecutivos de los 3 alcances<\/strong>, lo que ratifica ese alto nivel de compromiso, anticip\u00e1ndose a las exigencias normativas y sentando una base s\u00f3lida para futuras reducciones.<\/p>\n<p><strong>Alineaci\u00f3n con la estrategia del Grupo Arania<\/strong><\/p>\n<p>La obtenci\u00f3n del sello CALCULO se integra plenamente en el <strong>Plan de Descarbonizaci\u00f3n del Grupo Arania<\/strong>, ya que permite:<\/p>\n<ul>\n<li><span style=\"font-size: 16px;\">Establecer una <strong>l\u00ednea base com\u00fan<\/strong> para la medici\u00f3n de emisiones.<\/span><\/li>\n<li><span style=\"font-size: 16px;\">Facilitar la <strong>toma de decisiones basada en datos<\/strong>.<\/span><\/li>\n<li><span style=\"font-size: 16px;\">Reforzar la <strong>transparencia clim\u00e1tica<\/strong>, cada vez m\u00e1s demandada por clientes, inversores y reguladores.<\/span><\/li>\n<\/ul>\n<p>El Grupo trabaja para definir una <strong>l\u00ednea de actuaci\u00f3n homog\u00e9nea<\/strong> entre sus empresas, compartiendo criterios, aprendizajes y buenas pr\u00e1cticas en materia de sostenibilidad.<\/p>\n<p><strong>Pr\u00f3ximos pasos: hacia la reducci\u00f3n y la compensaci\u00f3n<\/strong><\/p>\n<p>El registro del MITECO contempla una progresi\u00f3n clara: <strong>CALCULO \u2192 REDUZCO \u2192 COMPENSO<\/strong>.<br \/>\nTras este hito, el siguiente objetivo de AR Shelving es avanzar hacia el sello <strong>REDUZCO<\/strong>, que acredita reducciones reales y verificadas de emisiones, y que requiere al menos <strong>cuatro a\u00f1os consecutivos de datos<\/strong>. Para ello, se centrar\u00e1 en la obtenci\u00f3n del sello con la medici\u00f3n de 2025, obteniendo as\u00ed el c\u00e1lculo de 4 a\u00f1os consecutivos.<\/p>\n<p>Este camino permitir\u00e1 a la compa\u00f1\u00eda seguir avanzando hacia un <strong>modelo industrial m\u00e1s eficiente y bajo en carbono<\/strong>, as\u00ed como ofrecer a sus clientes <strong>productos con menor impacto ambiental<\/strong>, aportando valor a toda la cadena de suministro.<\/p>\n","protected":false},"excerpt":{"rendered":"<p>AR Shelving ha obtenido el sello CALCULO del Ministerio para la Transici\u00f3n Ecol\u00f3gica y el Reto Demogr\u00e1fico (MITECO), en su planta de Galdakao, Bizkaia. Un reconocimiento oficial que acredita la medici\u00f3n rigurosa de su huella de carbono y su compromiso con la sostenibilidad y la transparencia clim\u00e1tica. El sello corresponde a los a\u00f1os 2022, 2023 [&hellip;]<\/p>\n","protected":false},"author":2,"featured_media":33097,"comment_status":"closed","ping_status":"open","sticky":false,"template":"wpb-single-post.php","format":"standard","meta":{"_acf_changed":false,"_monsterinsights_skip_tracking":false,"_monsterinsights_sitenote_active":false,"_monsterinsights_sitenote_note":"","_monsterinsights_sitenote_category":0,"_uf_show_specific_survey":0,"_uf_disable_surveys":false,"title_news":"","footnotes":""},"categories":[51],"tags":[],"class_list":["post-33118","post","type-post","status-publish","format-standard","has-post-thumbnail","hentry","category-sin-categorizar"],"acf":[],"yoast_head":"<!-- This site is optimized with the Yoast SEO plugin v27.4 - https:\/\/yoast.com\/product\/yoast-seo-wordpress\/ -->\n<title>AR Shelving obtiene el sello CALCULO del MITECO y refuerza su compromiso con la descarbonizaci\u00f3n - AR Shelving, metal shelving for DIY and trade<\/title>\n<meta name=\"robots\" content=\"index, follow, max-snippet:-1, max-image-preview:large, max-video-preview:-1\" \/>\n<link rel=\"canonical\" href=\"https:\/\/www.ar-shelving.com\/fr\/news\/ar-shelving-obtiene-el-sello-calculo-del-miteco-y-refuerza-su-compromiso-con-la-descarbonizacion\/\" \/>\n<meta property=\"og:locale\" content=\"fr_FR\" \/>\n<meta property=\"og:type\" content=\"article\" \/>\n<meta property=\"og:title\" content=\"AR Shelving obtiene el sello CALCULO del MITECO y refuerza su compromiso con la descarbonizaci\u00f3n - AR Shelving, metal shelving for DIY and trade\" \/>\n<meta property=\"og:description\" content=\"AR Shelving ha obtenido el sello CALCULO del Ministerio para la Transici\u00f3n Ecol\u00f3gica y el Reto Demogr\u00e1fico (MITECO), en su planta de Galdakao, Bizkaia. Un reconocimiento oficial que acredita la medici\u00f3n rigurosa de su huella de carbono y su compromiso con la sostenibilidad y la transparencia clim\u00e1tica. El sello corresponde a los a\u00f1os 2022, 2023 [&hellip;]\" \/>\n<meta property=\"og:url\" content=\"https:\/\/www.ar-shelving.com\/fr\/news\/ar-shelving-obtiene-el-sello-calculo-del-miteco-y-refuerza-su-compromiso-con-la-descarbonizacion\/\" \/>\n<meta property=\"og:site_name\" content=\"AR Shelving, metal shelving for DIY and trade\" \/>\n<meta property=\"article:publisher\" content=\"https:\/\/www.facebook.com\/MetallicShelving\" \/>\n<meta property=\"article:published_time\" content=\"2026-04-27T08:48:50+00:00\" \/>\n<meta name=\"author\" content=\"Katrin AR\" \/>\n<meta name=\"twitter:card\" content=\"summary_large_image\" \/>\n<meta name=\"twitter:label1\" content=\"\u00c9crit par\" \/>\n\t<meta name=\"twitter:data1\" content=\"Katrin AR\" \/>\n\t<meta name=\"twitter:label2\" content=\"Dur\u00e9e de lecture estim\u00e9e\" \/>\n\t<meta name=\"twitter:data2\" content=\"2 minutes\" \/>\n<script type=\"application\/ld+json\" class=\"yoast-schema-graph\">{\"@context\":\"https:\\\/\\\/schema.org\",\"@graph\":[{\"@type\":\"Article\",\"@id\":\"https:\\\/\\\/www.ar-shelving.com\\\/fr\\\/news\\\/ar-shelving-obtiene-el-sello-calculo-del-miteco-y-refuerza-su-compromiso-con-la-descarbonizacion\\\/#article\",\"isPartOf\":{\"@id\":\"https:\\\/\\\/www.ar-shelving.com\\\/fr\\\/news\\\/ar-shelving-obtiene-el-sello-calculo-del-miteco-y-refuerza-su-compromiso-con-la-descarbonizacion\\\/\"},\"author\":{\"name\":\"Katrin AR\",\"@id\":\"https:\\\/\\\/www.ar-shelving.com\\\/#\\\/schema\\\/person\\\/84f8f0f7e62d3cc6dd6feb2765d598c3\"},\"headline\":\"AR Shelving obtiene el sello CALCULO del MITECO y refuerza su compromiso con la descarbonizaci\u00f3n\",\"datePublished\":\"2026-04-27T08:48:50+00:00\",\"mainEntityOfPage\":{\"@id\":\"https:\\\/\\\/www.ar-shelving.com\\\/fr\\\/news\\\/ar-shelving-obtiene-el-sello-calculo-del-miteco-y-refuerza-su-compromiso-con-la-descarbonizacion\\\/\"},\"wordCount\":479,\"publisher\":{\"@id\":\"https:\\\/\\\/www.ar-shelving.com\\\/#organization\"},\"image\":{\"@id\":\"https:\\\/\\\/www.ar-shelving.com\\\/fr\\\/news\\\/ar-shelving-obtiene-el-sello-calculo-del-miteco-y-refuerza-su-compromiso-con-la-descarbonizacion\\\/#primaryimage\"},\"thumbnailUrl\":\"https:\\\/\\\/www.ar-shelving.com\\\/wp-content\\\/uploads\\\/2026\\\/04\\\/Sello_Miteco_calculo.jpg\",\"articleSection\":[\"Sin categorizar\"],\"inLanguage\":\"fr-FR\"},{\"@type\":\"WebPage\",\"@id\":\"https:\\\/\\\/www.ar-shelving.com\\\/fr\\\/news\\\/ar-shelving-obtiene-el-sello-calculo-del-miteco-y-refuerza-su-compromiso-con-la-descarbonizacion\\\/\",\"url\":\"https:\\\/\\\/www.ar-shelving.com\\\/fr\\\/news\\\/ar-shelving-obtiene-el-sello-calculo-del-miteco-y-refuerza-su-compromiso-con-la-descarbonizacion\\\/\",\"name\":\"AR Shelving obtiene el sello CALCULO del MITECO y refuerza su compromiso con la descarbonizaci\u00f3n - AR Shelving, metal shelving for DIY and trade\",\"isPartOf\":{\"@id\":\"https:\\\/\\\/www.ar-shelving.com\\\/#website\"},\"primaryImageOfPage\":{\"@id\":\"https:\\\/\\\/www.ar-shelving.com\\\/fr\\\/news\\\/ar-shelving-obtiene-el-sello-calculo-del-miteco-y-refuerza-su-compromiso-con-la-descarbonizacion\\\/#primaryimage\"},\"image\":{\"@id\":\"https:\\\/\\\/www.ar-shelving.com\\\/fr\\\/news\\\/ar-shelving-obtiene-el-sello-calculo-del-miteco-y-refuerza-su-compromiso-con-la-descarbonizacion\\\/#primaryimage\"},\"thumbnailUrl\":\"https:\\\/\\\/www.ar-shelving.com\\\/wp-content\\\/uploads\\\/2026\\\/04\\\/Sello_Miteco_calculo.jpg\",\"datePublished\":\"2026-04-27T08:48:50+00:00\",\"inLanguage\":\"fr-FR\",\"potentialAction\":[{\"@type\":\"ReadAction\",\"target\":[\"https:\\\/\\\/www.ar-shelving.com\\\/fr\\\/news\\\/ar-shelving-obtiene-el-sello-calculo-del-miteco-y-refuerza-su-compromiso-con-la-descarbonizacion\\\/\"]}]},{\"@type\":\"ImageObject\",\"inLanguage\":\"fr-FR\",\"@id\":\"https:\\\/\\\/www.ar-shelving.com\\\/fr\\\/news\\\/ar-shelving-obtiene-el-sello-calculo-del-miteco-y-refuerza-su-compromiso-con-la-descarbonizacion\\\/#primaryimage\",\"url\":\"https:\\\/\\\/www.ar-shelving.com\\\/wp-content\\\/uploads\\\/2026\\\/04\\\/Sello_Miteco_calculo.jpg\",\"contentUrl\":\"https:\\\/\\\/www.ar-shelving.com\\\/wp-content\\\/uploads\\\/2026\\\/04\\\/Sello_Miteco_calculo.jpg\",\"width\":830,\"height\":404,\"caption\":\"Sello CALCULO -MITECO\"},{\"@type\":\"WebSite\",\"@id\":\"https:\\\/\\\/www.ar-shelving.com\\\/#website\",\"url\":\"https:\\\/\\\/www.ar-shelving.com\\\/\",\"name\":\"AR Shelving, metal shelving for DIY, trade and industries\",\"description\":\"metal shelving\",\"publisher\":{\"@id\":\"https:\\\/\\\/www.ar-shelving.com\\\/#organization\"},\"potentialAction\":[{\"@type\":\"SearchAction\",\"target\":{\"@type\":\"EntryPoint\",\"urlTemplate\":\"https:\\\/\\\/www.ar-shelving.com\\\/?s={search_term_string}\"},\"query-input\":{\"@type\":\"PropertyValueSpecification\",\"valueRequired\":true,\"valueName\":\"search_term_string\"}}],\"inLanguage\":\"fr-FR\"},{\"@type\":\"Organization\",\"@id\":\"https:\\\/\\\/www.ar-shelving.com\\\/#organization\",\"name\":\"AR Shelving S.A.\",\"url\":\"https:\\\/\\\/www.ar-shelving.com\\\/\",\"logo\":{\"@type\":\"ImageObject\",\"inLanguage\":\"fr-FR\",\"@id\":\"https:\\\/\\\/www.ar-shelving.com\\\/#\\\/schema\\\/logo\\\/image\\\/\",\"url\":\"https:\\\/\\\/www.ar-shelving.com\\\/wp-content\\\/uploads\\\/2022\\\/06\\\/Grupo-389.png\",\"contentUrl\":\"https:\\\/\\\/www.ar-shelving.com\\\/wp-content\\\/uploads\\\/2022\\\/06\\\/Grupo-389.png\",\"width\":251,\"height\":43,\"caption\":\"AR Shelving S.A.\"},\"image\":{\"@id\":\"https:\\\/\\\/www.ar-shelving.com\\\/#\\\/schema\\\/logo\\\/image\\\/\"},\"sameAs\":[\"https:\\\/\\\/www.facebook.com\\\/MetallicShelving\",\"https:\\\/\\\/www.linkedin.com\\\/company\\\/arshelving\\\/\",\"https:\\\/\\\/www.instagram.com\\\/ar_shelving\\\/\",\"https:\\\/\\\/www.youtube.com\\\/user\\\/ARstorage\",\"https:\\\/\\\/www.pinterest.es\\\/arshelving\\\/\"]},{\"@type\":\"Person\",\"@id\":\"https:\\\/\\\/www.ar-shelving.com\\\/#\\\/schema\\\/person\\\/84f8f0f7e62d3cc6dd6feb2765d598c3\",\"name\":\"Katrin AR\",\"image\":{\"@type\":\"ImageObject\",\"inLanguage\":\"fr-FR\",\"@id\":\"https:\\\/\\\/secure.gravatar.com\\\/avatar\\\/a8194afd4faba691481252ad29ac90d6d9919ca9e5335dcc34b664e95bda0645?s=96&d=mm&r=g\",\"url\":\"https:\\\/\\\/secure.gravatar.com\\\/avatar\\\/a8194afd4faba691481252ad29ac90d6d9919ca9e5335dcc34b664e95bda0645?s=96&d=mm&r=g\",\"contentUrl\":\"https:\\\/\\\/secure.gravatar.com\\\/avatar\\\/a8194afd4faba691481252ad29ac90d6d9919ca9e5335dcc34b664e95bda0645?s=96&d=mm&r=g\",\"caption\":\"Katrin AR\"},\"url\":\"https:\\\/\\\/www.ar-shelving.com\\\/fr\\\/news\\\/author\\\/katrin\\\/\"}]}<\/script>\n<!-- \/ Yoast SEO plugin. -->","yoast_head_json":{"title":"AR Shelving obtiene el sello CALCULO del MITECO y refuerza su compromiso con la descarbonizaci\u00f3n - AR Shelving, metal shelving for DIY and trade","robots":{"index":"index","follow":"follow","max-snippet":"max-snippet:-1","max-image-preview":"max-image-preview:large","max-video-preview":"max-video-preview:-1"},"canonical":"https:\/\/www.ar-shelving.com\/fr\/news\/ar-shelving-obtiene-el-sello-calculo-del-miteco-y-refuerza-su-compromiso-con-la-descarbonizacion\/","og_locale":"fr_FR","og_type":"article","og_title":"AR Shelving obtiene el sello CALCULO del MITECO y refuerza su compromiso con la descarbonizaci\u00f3n - AR Shelving, metal shelving for DIY and trade","og_description":"AR Shelving ha obtenido el sello CALCULO del Ministerio para la Transici\u00f3n Ecol\u00f3gica y el Reto Demogr\u00e1fico (MITECO), en su planta de Galdakao, Bizkaia. Un reconocimiento oficial que acredita la medici\u00f3n rigurosa de su huella de carbono y su compromiso con la sostenibilidad y la transparencia clim\u00e1tica. El sello corresponde a los a\u00f1os 2022, 2023 [&hellip;]","og_url":"https:\/\/www.ar-shelving.com\/fr\/news\/ar-shelving-obtiene-el-sello-calculo-del-miteco-y-refuerza-su-compromiso-con-la-descarbonizacion\/","og_site_name":"AR Shelving, metal shelving for DIY and trade","article_publisher":"https:\/\/www.facebook.com\/MetallicShelving","article_published_time":"2026-04-27T08:48:50+00:00","author":"Katrin AR","twitter_card":"summary_large_image","twitter_misc":{"\u00c9crit par":"Katrin AR","Dur\u00e9e de lecture estim\u00e9e":"2 minutes"},"schema":{"@context":"https:\/\/schema.org","@graph":[{"@type":"Article","@id":"https:\/\/www.ar-shelving.com\/fr\/news\/ar-shelving-obtiene-el-sello-calculo-del-miteco-y-refuerza-su-compromiso-con-la-descarbonizacion\/#article","isPartOf":{"@id":"https:\/\/www.ar-shelving.com\/fr\/news\/ar-shelving-obtiene-el-sello-calculo-del-miteco-y-refuerza-su-compromiso-con-la-descarbonizacion\/"},"author":{"name":"Katrin AR","@id":"https:\/\/www.ar-shelving.com\/#\/schema\/person\/84f8f0f7e62d3cc6dd6feb2765d598c3"},"headline":"AR Shelving obtiene el sello CALCULO del MITECO y refuerza su compromiso con la descarbonizaci\u00f3n","datePublished":"2026-04-27T08:48:50+00:00","mainEntityOfPage":{"@id":"https:\/\/www.ar-shelving.com\/fr\/news\/ar-shelving-obtiene-el-sello-calculo-del-miteco-y-refuerza-su-compromiso-con-la-descarbonizacion\/"},"wordCount":479,"publisher":{"@id":"https:\/\/www.ar-shelving.com\/#organization"},"image":{"@id":"https:\/\/www.ar-shelving.com\/fr\/news\/ar-shelving-obtiene-el-sello-calculo-del-miteco-y-refuerza-su-compromiso-con-la-descarbonizacion\/#primaryimage"},"thumbnailUrl":"https:\/\/www.ar-shelving.com\/wp-content\/uploads\/2026\/04\/Sello_Miteco_calculo.jpg","articleSection":["Sin categorizar"],"inLanguage":"fr-FR"},{"@type":"WebPage","@id":"https:\/\/www.ar-shelving.com\/fr\/news\/ar-shelving-obtiene-el-sello-calculo-del-miteco-y-refuerza-su-compromiso-con-la-descarbonizacion\/","url":"https:\/\/www.ar-shelving.com\/fr\/news\/ar-shelving-obtiene-el-sello-calculo-del-miteco-y-refuerza-su-compromiso-con-la-descarbonizacion\/","name":"AR Shelving obtiene el sello CALCULO del MITECO y refuerza su compromiso con la descarbonizaci\u00f3n - AR Shelving, metal shelving for DIY and trade","isPartOf":{"@id":"https:\/\/www.ar-shelving.com\/#website"},"primaryImageOfPage":{"@id":"https:\/\/www.ar-shelving.com\/fr\/news\/ar-shelving-obtiene-el-sello-calculo-del-miteco-y-refuerza-su-compromiso-con-la-descarbonizacion\/#primaryimage"},"image":{"@id":"https:\/\/www.ar-shelving.com\/fr\/news\/ar-shelving-obtiene-el-sello-calculo-del-miteco-y-refuerza-su-compromiso-con-la-descarbonizacion\/#primaryimage"},"thumbnailUrl":"https:\/\/www.ar-shelving.com\/wp-content\/uploads\/2026\/04\/Sello_Miteco_calculo.jpg","datePublished":"2026-04-27T08:48:50+00:00","inLanguage":"fr-FR","potentialAction":[{"@type":"ReadAction","target":["https:\/\/www.ar-shelving.com\/fr\/news\/ar-shelving-obtiene-el-sello-calculo-del-miteco-y-refuerza-su-compromiso-con-la-descarbonizacion\/"]}]},{"@type":"ImageObject","inLanguage":"fr-FR","@id":"https:\/\/www.ar-shelving.com\/fr\/news\/ar-shelving-obtiene-el-sello-calculo-del-miteco-y-refuerza-su-compromiso-con-la-descarbonizacion\/#primaryimage","url":"https:\/\/www.ar-shelving.com\/wp-content\/uploads\/2026\/04\/Sello_Miteco_calculo.jpg","contentUrl":"https:\/\/www.ar-shelving.com\/wp-content\/uploads\/2026\/04\/Sello_Miteco_calculo.jpg","width":830,"height":404,"caption":"Sello CALCULO -MITECO"},{"@type":"WebSite","@id":"https:\/\/www.ar-shelving.com\/#website","url":"https:\/\/www.ar-shelving.com\/","name":"AR Shelving, metal shelving for DIY, trade and industries","description":"metal shelving","publisher":{"@id":"https:\/\/www.ar-shelving.com\/#organization"},"potentialAction":[{"@type":"SearchAction","target":{"@type":"EntryPoint","urlTemplate":"https:\/\/www.ar-shelving.com\/?s={search_term_string}"},"query-input":{"@type":"PropertyValueSpecification","valueRequired":true,"valueName":"search_term_string"}}],"inLanguage":"fr-FR"},{"@type":"Organization","@id":"https:\/\/www.ar-shelving.com\/#organization","name":"AR Shelving S.A.","url":"https:\/\/www.ar-shelving.com\/","logo":{"@type":"ImageObject","inLanguage":"fr-FR","@id":"https:\/\/www.ar-shelving.com\/#\/schema\/logo\/image\/","url":"https:\/\/www.ar-shelving.com\/wp-content\/uploads\/2022\/06\/Grupo-389.png","contentUrl":"https:\/\/www.ar-shelving.com\/wp-content\/uploads\/2022\/06\/Grupo-389.png","width":251,"height":43,"caption":"AR Shelving S.A."},"image":{"@id":"https:\/\/www.ar-shelving.com\/#\/schema\/logo\/image\/"},"sameAs":["https:\/\/www.facebook.com\/MetallicShelving","https:\/\/www.linkedin.com\/company\/arshelving\/","https:\/\/www.instagram.com\/ar_shelving\/","https:\/\/www.youtube.com\/user\/ARstorage","https:\/\/www.pinterest.es\/arshelving\/"]},{"@type":"Person","@id":"https:\/\/www.ar-shelving.com\/#\/schema\/person\/84f8f0f7e62d3cc6dd6feb2765d598c3","name":"Katrin AR","image":{"@type":"ImageObject","inLanguage":"fr-FR","@id":"https:\/\/secure.gravatar.com\/avatar\/a8194afd4faba691481252ad29ac90d6d9919ca9e5335dcc34b664e95bda0645?s=96&d=mm&r=g","url":"https:\/\/secure.gravatar.com\/avatar\/a8194afd4faba691481252ad29ac90d6d9919ca9e5335dcc34b664e95bda0645?s=96&d=mm&r=g","contentUrl":"https:\/\/secure.gravatar.com\/avatar\/a8194afd4faba691481252ad29ac90d6d9919ca9e5335dcc34b664e95bda0645?s=96&d=mm&r=g","caption":"Katrin AR"},"url":"https:\/\/www.ar-shelving.com\/fr\/news\/author\/katrin\/"}]}},"_links":{"self":[{"href":"https:\/\/www.ar-shelving.com\/fr\/wp-json\/wp\/v2\/posts\/33118","targetHints":{"allow":["GET"]}}],"collection":[{"href":"https:\/\/www.ar-shelving.com\/fr\/wp-json\/wp\/v2\/posts"}],"about":[{"href":"https:\/\/www.ar-shelving.com\/fr\/wp-json\/wp\/v2\/types\/post"}],"author":[{"embeddable":true,"href":"https:\/\/www.ar-shelving.com\/fr\/wp-json\/wp\/v2\/users\/2"}],"replies":[{"embeddable":true,"href":"https:\/\/www.ar-shelving.com\/fr\/wp-json\/wp\/v2\/comments?post=33118"}],"version-history":[{"count":0,"href":"https:\/\/www.ar-shelving.com\/fr\/wp-json\/wp\/v2\/posts\/33118\/revisions"}],"wp:featuredmedia":[{"embeddable":true,"href":"https:\/\/www.ar-shelving.com\/fr\/wp-json\/wp\/v2\/media\/33097"}],"wp:attachment":[{"href":"https:\/\/www.ar-shelving.com\/fr\/wp-json\/wp\/v2\/media?parent=33118"}],"wp:term":[{"taxonomy":"category","embeddable":true,"href":"https:\/\/www.ar-shelving.com\/fr\/wp-json\/wp\/v2\/categories?post=33118"},{"taxonomy":"post_tag","embeddable":true,"href":"https:\/\/www.ar-shelving.com\/fr\/wp-json\/wp\/v2\/tags?post=33118"}],"curies":[{"name":"wp","href":"https:\/\/api.w.org\/{rel}","templated":true}]}}